{"id":11998,"date":"2019-02-05T19:08:47","date_gmt":"2019-02-05T19:08:47","guid":{"rendered":"http:\/\/tabernaculoprensadedios.com\/web\/?p=11998"},"modified":"2019-02-05T19:08:47","modified_gmt":"2019-02-05T19:08:47","slug":"la-historia-afroamericana-ilumina-la-vida-del-pastor","status":"publish","type":"post","link":"https:\/\/tabernaculoprensadedios.com\/web\/la-historia-afroamericana-ilumina-la-vida-del-pastor\/","title":{"rendered":"La historia afroamericana ilumina la vida del pastor"},"content":{"rendered":"<p>Terry Turner entiende el valor de conocer la historia afroamericana al haber visto la importancia de descubrir la historia de su propia familia.<\/p>\n<p>Turner, ex presidente de la Convenci\u00f3n Bautista del Sur de Texas, comenz\u00f3 a analizar la historia afroamericana como parte de su investigaci\u00f3n doctoral y descubri\u00f3 una conexi\u00f3n entre su historia y la historia m\u00e1s amplia de los afroamericanos.<\/p>\n<p>Se le present\u00f3 la investigaci\u00f3n del profesor de sociolog\u00eda de Harvard, Orlando Patterson, quien examin\u00f3 los v\u00ednculos entre el colapso de las familias afroamericanas de hoy y la esclavitud.<\/p>\n<p>\u00abPatterson me llam\u00f3 la atenci\u00f3n que el mayor problema que se les dio a los afroamericanos de la esclavitud es la historia de padres y esposos desconectados\u00bb, dijo Turner, cuya propia investigaci\u00f3n e historia se convirtieron en la base de su libro \u00abLa Gracia asombrosa de Dios: Reconciliar cuatro siglos\u00bb. de matrimonios y familias afroamericanas \u00ab.<\/p>\n<p>\u00abDebido a que esos roles fueron destruidos, nunca hemos podido redefinirlos en la comunidad afroamericana\u00bb, dijo Turner, se\u00f1alando: \u00abPor supuesto, los padres lideran a las familias. Ninguna familia est\u00e1 completa sin un padre\u00bb.<\/p>\n<p>Turner experiment\u00f3 esto por s\u00ed mismo a los 10 a\u00f1os cuando su padre falleci\u00f3. El dolor y el estr\u00e9s de crecer sin un padre lo siguieron durante a\u00f1os. M\u00e1s tarde, tuvo un hijo fuera del matrimonio, continuando un ciclo de paternidad ausente en una nueva generaci\u00f3n. Finalmente, Turner lleg\u00f3 a la fe en Cristo, se cas\u00f3 y tuvo hijos adicionales.<\/p>\n<p>Durante sus primeros 25 a\u00f1os de ministerio pastoral, Turner aconsej\u00f3 a las parejas que vivieran los principios cristianos en su matrimonio, pero luch\u00f3 por encontrar la satisfacci\u00f3n que sinti\u00f3 que deber\u00eda haber tenido su propio matrimonio y su familia. Comenz\u00f3 su trabajo de doctorado en el Seminario Teol\u00f3gico de Dallas con \u00e9nfasis en la familia y el matrimonio, en parte para obtener respuestas al dolor en su propia familia.<\/p>\n<p>Mientras investigaba la historia m\u00e1s amplia de los afroamericanos para su disertaci\u00f3n, Turner se interes\u00f3 en su linaje, rastreando a su familia hasta Warren y Elvira Turner, ambos nacidos en la esclavitud. Warren hab\u00eda concebido un hijo con otra mujer antes de obtener su libertad en 1865. Incluso despu\u00e9s de casarse con Elvira, Warren engendr\u00f3 a otro hijo fuera del matrimonio.<\/p>\n<p>Terry Turner habla en el almuerzo anual de pastores de la Feria Estatal de Texas y describe su investigaci\u00f3n sobre el impacto de la esclavitud en las familias afroamericanas que result\u00f3 en su libro \u00abLa Gracia asombrosa de Dios: Reconciliando cuatro siglos de matrimonios y familias afroamericanas\u00bb.<\/p>\n<p>Las generaciones posteriores de hombres en la familia Turner continuaron con este patr\u00f3n de factores de riesgo que incluyen la cohabitaci\u00f3n y los nacimientos fuera del matrimonio. Durante la esclavitud, dijo Turner, casi nueve de cada 10 afroamericanos cohabitaron porque era su \u00fanica opci\u00f3n.<\/p>\n<p>\u00abCreo que estos factores de riesgo nos fueron transmitidos a trav\u00e9s de generaciones\u00bb, dijo Turner, pastor principal de la Iglesia Bautista de la Amistad Mesquite en Mesquite, Texas. \u00abLa Biblia nos dice que los pecados del padre ser\u00edan transmitidos a la tercera y cuarta generaciones. Muchas veces no tomamos en cuenta c\u00f3mo lo que nuestros padres pasaron impactan nuestras vidas &#8230; Muchos de los factores de riesgo est\u00e1n presentes. En mi vida tambi\u00e9n estuvieron presentes en la vida de mi bisabuelo \u00ab.<\/p>\n<p>Para cambiar lo que subraya como una crisis en las familias estadounidenses, Turner exhorta a todos los estadounidenses a comprender la historia afroamericana, tanto la historia m\u00e1s amplia de la esclavitud y el racismo como las historias individuales dentro de las familias.<\/p>\n<p>\u00abCreo que el gran problema es la falta de conocimiento\u00bb, dijo. \u00abDe eso se trata mi libro, tratar de promover la conciencia y el conocimiento de nuestra historia. La historia afroamericana se ha escrito b\u00e1sicamente. Mucha gente no tiene en cuenta d\u00f3nde estamos hoy en nuestro pa\u00eds en cuanto a raza. Las relaciones y los problemas que tienen nuestras familias. La familia es la primera instituci\u00f3n que Dios cre\u00f3. Es la base de toda la sociedad. Cuando la estructura familiar se desordena y se diluye, encontrar\u00e1 que la sociedad est\u00e1 desordenada \u00ab.<\/p>\n<p>Mientras que la esclavitud impact\u00f3 a las familias afroamericanas al sacar a sus esposos y padres de sus hogares, Turner dijo que tambi\u00e9n impact\u00f3 a las familias anglos al transmitir el racismo y los prejuicios a trav\u00e9s de generaciones posteriores.<\/p>\n<p>Las iglesias tienen un papel que desempe\u00f1ar en la ense\u00f1anza de la historia afroamericana, ya que la mayor\u00eda no lo aprender\u00e1 en otro lugar, afirm\u00f3.<\/p>\n<p>Es importante que las iglesias ense\u00f1en el principio cristiano del amor, y sean claros acerca de su oposici\u00f3n al odio, dijo, y agreg\u00f3 que el amor no es solo algo que los cauc\u00e1sicos comprendan mejor; Los afroamericanos necesitan obtenerlo tambi\u00e9n.<\/p>\n<p>\u00abTienes que luchar contra el odio con amor, que es la premisa de mi libro\u00bb, dijo Turner. \u00abMuchos afroamericanos miran la historia de los Estados Unidos y ven lo mal que fue para nosotros y c\u00f3mo la esclavitud fue tan dif\u00edcil para nuestros antepasados, y quieren levantarse y vengarse. Mi libro est\u00e1 dise\u00f1ado para mostrar c\u00f3mo el poder del amor trajo a nuestros antepasados a trav\u00e9s de todo ese dolor, y tambi\u00e9n nos traer\u00e1 a trav\u00e9s de \u00e9l \u00ab.<\/p>\n<p>Debido a que la Biblia habla directamente de lo que aqueja a las familias, ya sean afroamericanos o no, Turner dijo que su libro est\u00e1 lleno de pasajes b\u00edblicos.<\/p>\n<p>\u00abLa Biblia aborda todos los problemas con los que tratamos\u00bb, dijo. \u00abLos predicadores de hoy no predican contra el pecado como sol\u00edamos hacerlo. La mejor herramienta que tenemos para cambiar a la sociedad es cuando un predicador se levanta y predica contra los pecados en la sociedad\u00bb.<\/p>\n<p>Hay esperanza para las familias con dificultades a medida que las iglesias comienzan a abordar directamente algunos de los factores de riesgo que no solo est\u00e1n presentes en las familias afroamericanas, sino que est\u00e1n aumentando en general, dijo Turner, citando factores de riesgo como nacimientos fuera del matrimonio, cohabitaci\u00f3n y Abandono por los padres.<\/p>\n<p>\u00abCreo que se puede cambiar, pero tenemos que saber de d\u00f3nde venimos\u00bb, dijo Turner. \u00abAnimo a todos a estudiar su historia. Fue beneficioso para m\u00ed y me ha ayudado a ser un mejor padre, un mejor marido, a medida que aprend\u00ed lo que mis antepasados pasaron\u00bb.<\/p>\n","protected":false},"excerpt":{"rendered":"<p>Terry Turner entiende el valor de conocer la historia afroamericana al haber visto la importancia de descubrir la historia de su propia familia. Turner, ex presidente de la Convenci\u00f3n Bautista del Sur de Texas, comenz\u00f3 a analizar la historia afroamericana como parte de su investigaci\u00f3n doctoral y descubri\u00f3 una conexi\u00f3n entre su historia y la &hellip;<\/p>\n","protected":false},"author":1,"featured_media":11999,"comment_status":"open","ping_status":"open","sticky":false,"template":"","format":"standard","meta":{"footnotes":""},"categories":[30],"tags":[],"class_list":["post-11998","post","type-post","status-publish","format-standard","has-post-thumbnail","hentry","category-reportajes"],"yoast_head":"<!-- This site is optimized with the Yoast SEO Premium plugin v24.2 (Yoast SEO v27.1.1) - https:\/\/yoast.com\/product\/yoast-seo-premium-wordpress\/ -->\n<title>La historia afroamericana ilumina la vida del pastor - Tabernaculo Prensa de Dios<\/title>\n<meta name=\"robots\" content=\"index, follow, max-snippet:-1, max-image-preview:large, max-video-preview:-1\" \/>\n<link rel=\"canonical\" href=\"https:\/\/tabernaculoprensadedios.com\/web\/la-historia-afroamericana-ilumina-la-vida-del-pastor\/\" class=\"yoast-seo-meta-tag\" \/>\n<meta property=\"og:locale\" content=\"es_ES\" class=\"yoast-seo-meta-tag\" \/>\n<meta property=\"og:type\" content=\"article\" class=\"yoast-seo-meta-tag\" \/>\n<meta property=\"og:title\" content=\"La historia afroamericana ilumina la vida del pastor\" class=\"yoast-seo-meta-tag\" \/>\n<meta property=\"og:description\" content=\"Terry Turner entiende el valor de conocer la historia afroamericana al haber visto la importancia de descubrir la historia de su propia familia. Turner, ex presidente de la Convenci\u00f3n Bautista del Sur de Texas, comenz\u00f3 a analizar la historia afroamericana como parte de su investigaci\u00f3n doctoral y descubri\u00f3 una conexi\u00f3n entre su historia y la &hellip;\" class=\"yoast-seo-meta-tag\" \/>\n<meta property=\"og:url\" content=\"https:\/\/tabernaculoprensadedios.com\/web\/la-historia-afroamericana-ilumina-la-vida-del-pastor\/\" class=\"yoast-seo-meta-tag\" \/>\n<meta property=\"og:site_name\" content=\"Tabernaculo Prensa de Dios\" class=\"yoast-seo-meta-tag\" \/>\n<meta property=\"article:published_time\" content=\"2019-02-05T19:08:47+00:00\" class=\"yoast-seo-meta-tag\" \/>\n<meta property=\"og:image\" content=\"https:\/\/tabernaculoprensadedios.com\/web\/wp-content\/uploads\/2019\/02\/La-historia-afroamericana-ilumina-la-vida-del-pastor..jpg\" class=\"yoast-seo-meta-tag\" \/>\n\t<meta property=\"og:image:width\" content=\"650\" class=\"yoast-seo-meta-tag\" \/>\n\t<meta property=\"og:image:height\" content=\"433\" class=\"yoast-seo-meta-tag\" \/>\n\t<meta property=\"og:image:type\" content=\"image\/jpeg\" class=\"yoast-seo-meta-tag\" \/>\n<meta name=\"author\" content=\"tabernaculo\" class=\"yoast-seo-meta-tag\" \/>\n<meta name=\"twitter:card\" content=\"summary_large_image\" class=\"yoast-seo-meta-tag\" \/>\n<meta name=\"twitter:creator\" content=\"@PrensadeDios\" class=\"yoast-seo-meta-tag\" \/>\n<meta name=\"twitter:site\" content=\"@PrensadeDios\" class=\"yoast-seo-meta-tag\" \/>\n<meta name=\"twitter:label1\" content=\"Escrito por\" class=\"yoast-seo-meta-tag\" \/>\n\t<meta name=\"twitter:data1\" content=\"tabernaculo\" class=\"yoast-seo-meta-tag\" \/>\n\t<meta name=\"twitter:label2\" content=\"Tiempo de lectura\" class=\"yoast-seo-meta-tag\" \/>\n\t<meta name=\"twitter:data2\" content=\"5 minutos\" class=\"yoast-seo-meta-tag\" \/>\n<script type=\"application\/ld+json\" class=\"yoast-schema-graph\">{\"@context\":\"https:\/\/schema.org\",\"@graph\":[{\"@type\":\"Article\",\"@id\":\"https:\/\/tabernaculoprensadedios.com\/web\/la-historia-afroamericana-ilumina-la-vida-del-pastor\/#article\",\"isPartOf\":{\"@id\":\"https:\/\/tabernaculoprensadedios.com\/web\/la-historia-afroamericana-ilumina-la-vida-del-pastor\/\"},\"author\":{\"name\":\"tabernaculo\",\"@id\":\"https:\/\/tabernaculoprensadedios.com\/web\/#\/schema\/person\/bc0e069fef56b38e177db6f098ae0b6e\"},\"headline\":\"La historia afroamericana ilumina la vida del pastor\",\"datePublished\":\"2019-02-05T19:08:47+00:00\",\"mainEntityOfPage\":{\"@id\":\"https:\/\/tabernaculoprensadedios.com\/web\/la-historia-afroamericana-ilumina-la-vida-del-pastor\/\"},\"wordCount\":1094,\"commentCount\":0,\"publisher\":{\"@id\":\"https:\/\/tabernaculoprensadedios.com\/web\/#\/schema\/person\/bc0e069fef56b38e177db6f098ae0b6e\"},\"image\":{\"@id\":\"https:\/\/tabernaculoprensadedios.com\/web\/la-historia-afroamericana-ilumina-la-vida-del-pastor\/#primaryimage\"},\"thumbnailUrl\":\"https:\/\/tabernaculoprensadedios.com\/web\/wp-content\/uploads\/2019\/02\/La-historia-afroamericana-ilumina-la-vida-del-pastor..jpg\",\"articleSection\":[\"Reportajes\"],\"inLanguage\":\"es\",\"potentialAction\":[{\"@type\":\"CommentAction\",\"name\":\"Comment\",\"target\":[\"https:\/\/tabernaculoprensadedios.com\/web\/la-historia-afroamericana-ilumina-la-vida-del-pastor\/#respond\"]}]},{\"@type\":\"WebPage\",\"@id\":\"https:\/\/tabernaculoprensadedios.com\/web\/la-historia-afroamericana-ilumina-la-vida-del-pastor\/\",\"url\":\"https:\/\/tabernaculoprensadedios.com\/web\/la-historia-afroamericana-ilumina-la-vida-del-pastor\/\",\"name\":\"La historia afroamericana ilumina la vida del pastor - Tabernaculo Prensa de Dios\",\"isPartOf\":{\"@id\":\"https:\/\/tabernaculoprensadedios.com\/web\/#website\"},\"primaryImageOfPage\":{\"@id\":\"https:\/\/tabernaculoprensadedios.com\/web\/la-historia-afroamericana-ilumina-la-vida-del-pastor\/#primaryimage\"},\"image\":{\"@id\":\"https:\/\/tabernaculoprensadedios.com\/web\/la-historia-afroamericana-ilumina-la-vida-del-pastor\/#primaryimage\"},\"thumbnailUrl\":\"https:\/\/tabernaculoprensadedios.com\/web\/wp-content\/uploads\/2019\/02\/La-historia-afroamericana-ilumina-la-vida-del-pastor..jpg\",\"datePublished\":\"2019-02-05T19:08:47+00:00\",\"breadcrumb\":{\"@id\":\"https:\/\/tabernaculoprensadedios.com\/web\/la-historia-afroamericana-ilumina-la-vida-del-pastor\/#breadcrumb\"},\"inLanguage\":\"es\",\"potentialAction\":[{\"@type\":\"ReadAction\",\"target\":[\"https:\/\/tabernaculoprensadedios.com\/web\/la-historia-afroamericana-ilumina-la-vida-del-pastor\/\"]}]},{\"@type\":\"ImageObject\",\"inLanguage\":\"es\",\"@id\":\"https:\/\/tabernaculoprensadedios.com\/web\/la-historia-afroamericana-ilumina-la-vida-del-pastor\/#primaryimage\",\"url\":\"https:\/\/tabernaculoprensadedios.com\/web\/wp-content\/uploads\/2019\/02\/La-historia-afroamericana-ilumina-la-vida-del-pastor..jpg\",\"contentUrl\":\"https:\/\/tabernaculoprensadedios.com\/web\/wp-content\/uploads\/2019\/02\/La-historia-afroamericana-ilumina-la-vida-del-pastor..jpg\",\"width\":650,\"height\":433},{\"@type\":\"BreadcrumbList\",\"@id\":\"https:\/\/tabernaculoprensadedios.com\/web\/la-historia-afroamericana-ilumina-la-vida-del-pastor\/#breadcrumb\",\"itemListElement\":[{\"@type\":\"ListItem\",\"position\":1,\"name\":\"Portada\",\"item\":\"https:\/\/tabernaculoprensadedios.com\/web\/\"},{\"@type\":\"ListItem\",\"position\":2,\"name\":\"La historia afroamericana ilumina la vida del pastor\"}]},{\"@type\":\"WebSite\",\"@id\":\"https:\/\/tabernaculoprensadedios.com\/web\/#website\",\"url\":\"https:\/\/tabernaculoprensadedios.com\/web\/\",\"name\":\"Tabernaculo Prensa de Dios\",\"description\":\"Un medio a la manera de Dios\",\"publisher\":{\"@id\":\"https:\/\/tabernaculoprensadedios.com\/web\/#\/schema\/person\/bc0e069fef56b38e177db6f098ae0b6e\"},\"potentialAction\":[{\"@type\":\"SearchAction\",\"target\":{\"@type\":\"EntryPoint\",\"urlTemplate\":\"https:\/\/tabernaculoprensadedios.com\/web\/?s={search_term_string}\"},\"query-input\":{\"@type\":\"PropertyValueSpecification\",\"valueRequired\":true,\"valueName\":\"search_term_string\"}}],\"inLanguage\":\"es\"},{\"@type\":[\"Person\",\"Organization\"],\"@id\":\"https:\/\/tabernaculoprensadedios.com\/web\/#\/schema\/person\/bc0e069fef56b38e177db6f098ae0b6e\",\"name\":\"tabernaculo\",\"image\":{\"@type\":\"ImageObject\",\"inLanguage\":\"es\",\"@id\":\"https:\/\/tabernaculoprensadedios.com\/web\/#\/schema\/person\/image\/\",\"url\":\"https:\/\/tabernaculoprensadedios.com\/web\/wp-content\/uploads\/2015\/06\/login-logo1.png\",\"contentUrl\":\"https:\/\/tabernaculoprensadedios.com\/web\/wp-content\/uploads\/2015\/06\/login-logo1.png\",\"width\":300,\"height\":118,\"caption\":\"tabernaculo\"},\"logo\":{\"@id\":\"https:\/\/tabernaculoprensadedios.com\/web\/#\/schema\/person\/image\/\"},\"url\":\"https:\/\/tabernaculoprensadedios.com\/web\/author\/tabernaculo\/\"}]}<\/script>\n<!-- \/ Yoast SEO Premium plugin. -->","yoast_head_json":{"title":"La historia afroamericana ilumina la vida del pastor - Tabernaculo Prensa de Dios","robots":{"index":"index","follow":"follow","max-snippet":"max-snippet:-1","max-image-preview":"max-image-preview:large","max-video-preview":"max-video-preview:-1"},"canonical":"https:\/\/tabernaculoprensadedios.com\/web\/la-historia-afroamericana-ilumina-la-vida-del-pastor\/","og_locale":"es_ES","og_type":"article","og_title":"La historia afroamericana ilumina la vida del pastor","og_description":"Terry Turner entiende el valor de conocer la historia afroamericana al haber visto la importancia de descubrir la historia de su propia familia. Turner, ex presidente de la Convenci\u00f3n Bautista del Sur de Texas, comenz\u00f3 a analizar la historia afroamericana como parte de su investigaci\u00f3n doctoral y descubri\u00f3 una conexi\u00f3n entre su historia y la &hellip;","og_url":"https:\/\/tabernaculoprensadedios.com\/web\/la-historia-afroamericana-ilumina-la-vida-del-pastor\/","og_site_name":"Tabernaculo Prensa de Dios","article_published_time":"2019-02-05T19:08:47+00:00","og_image":[{"width":650,"height":433,"url":"https:\/\/tabernaculoprensadedios.com\/web\/wp-content\/uploads\/2019\/02\/La-historia-afroamericana-ilumina-la-vida-del-pastor..jpg","type":"image\/jpeg"}],"author":"tabernaculo","twitter_card":"summary_large_image","twitter_creator":"@PrensadeDios","twitter_site":"@PrensadeDios","twitter_misc":{"Escrito por":"tabernaculo","Tiempo de lectura":"5 minutos"},"schema":{"@context":"https:\/\/schema.org","@graph":[{"@type":"Article","@id":"https:\/\/tabernaculoprensadedios.com\/web\/la-historia-afroamericana-ilumina-la-vida-del-pastor\/#article","isPartOf":{"@id":"https:\/\/tabernaculoprensadedios.com\/web\/la-historia-afroamericana-ilumina-la-vida-del-pastor\/"},"author":{"name":"tabernaculo","@id":"https:\/\/tabernaculoprensadedios.com\/web\/#\/schema\/person\/bc0e069fef56b38e177db6f098ae0b6e"},"headline":"La historia afroamericana ilumina la vida del pastor","datePublished":"2019-02-05T19:08:47+00:00","mainEntityOfPage":{"@id":"https:\/\/tabernaculoprensadedios.com\/web\/la-historia-afroamericana-ilumina-la-vida-del-pastor\/"},"wordCount":1094,"commentCount":0,"publisher":{"@id":"https:\/\/tabernaculoprensadedios.com\/web\/#\/schema\/person\/bc0e069fef56b38e177db6f098ae0b6e"},"image":{"@id":"https:\/\/tabernaculoprensadedios.com\/web\/la-historia-afroamericana-ilumina-la-vida-del-pastor\/#primaryimage"},"thumbnailUrl":"https:\/\/tabernaculoprensadedios.com\/web\/wp-content\/uploads\/2019\/02\/La-historia-afroamericana-ilumina-la-vida-del-pastor..jpg","articleSection":["Reportajes"],"inLanguage":"es","potentialAction":[{"@type":"CommentAction","name":"Comment","target":["https:\/\/tabernaculoprensadedios.com\/web\/la-historia-afroamericana-ilumina-la-vida-del-pastor\/#respond"]}]},{"@type":"WebPage","@id":"https:\/\/tabernaculoprensadedios.com\/web\/la-historia-afroamericana-ilumina-la-vida-del-pastor\/","url":"https:\/\/tabernaculoprensadedios.com\/web\/la-historia-afroamericana-ilumina-la-vida-del-pastor\/","name":"La historia afroamericana ilumina la vida del pastor - Tabernaculo Prensa de Dios","isPartOf":{"@id":"https:\/\/tabernaculoprensadedios.com\/web\/#website"},"primaryImageOfPage":{"@id":"https:\/\/tabernaculoprensadedios.com\/web\/la-historia-afroamericana-ilumina-la-vida-del-pastor\/#primaryimage"},"image":{"@id":"https:\/\/tabernaculoprensadedios.com\/web\/la-historia-afroamericana-ilumina-la-vida-del-pastor\/#primaryimage"},"thumbnailUrl":"https:\/\/tabernaculoprensadedios.com\/web\/wp-content\/uploads\/2019\/02\/La-historia-afroamericana-ilumina-la-vida-del-pastor..jpg","datePublished":"2019-02-05T19:08:47+00:00","breadcrumb":{"@id":"https:\/\/tabernaculoprensadedios.com\/web\/la-historia-afroamericana-ilumina-la-vida-del-pastor\/#breadcrumb"},"inLanguage":"es","potentialAction":[{"@type":"ReadAction","target":["https:\/\/tabernaculoprensadedios.com\/web\/la-historia-afroamericana-ilumina-la-vida-del-pastor\/"]}]},{"@type":"ImageObject","inLanguage":"es","@id":"https:\/\/tabernaculoprensadedios.com\/web\/la-historia-afroamericana-ilumina-la-vida-del-pastor\/#primaryimage","url":"https:\/\/tabernaculoprensadedios.com\/web\/wp-content\/uploads\/2019\/02\/La-historia-afroamericana-ilumina-la-vida-del-pastor..jpg","contentUrl":"https:\/\/tabernaculoprensadedios.com\/web\/wp-content\/uploads\/2019\/02\/La-historia-afroamericana-ilumina-la-vida-del-pastor..jpg","width":650,"height":433},{"@type":"BreadcrumbList","@id":"https:\/\/tabernaculoprensadedios.com\/web\/la-historia-afroamericana-ilumina-la-vida-del-pastor\/#breadcrumb","itemListElement":[{"@type":"ListItem","position":1,"name":"Portada","item":"https:\/\/tabernaculoprensadedios.com\/web\/"},{"@type":"ListItem","position":2,"name":"La historia afroamericana ilumina la vida del pastor"}]},{"@type":"WebSite","@id":"https:\/\/tabernaculoprensadedios.com\/web\/#website","url":"https:\/\/tabernaculoprensadedios.com\/web\/","name":"Tabernaculo Prensa de Dios","description":"Un medio a la manera de Dios","publisher":{"@id":"https:\/\/tabernaculoprensadedios.com\/web\/#\/schema\/person\/bc0e069fef56b38e177db6f098ae0b6e"},"potentialAction":[{"@type":"SearchAction","target":{"@type":"EntryPoint","urlTemplate":"https:\/\/tabernaculoprensadedios.com\/web\/?s={search_term_string}"},"query-input":{"@type":"PropertyValueSpecification","valueRequired":true,"valueName":"search_term_string"}}],"inLanguage":"es"},{"@type":["Person","Organization"],"@id":"https:\/\/tabernaculoprensadedios.com\/web\/#\/schema\/person\/bc0e069fef56b38e177db6f098ae0b6e","name":"tabernaculo","image":{"@type":"ImageObject","inLanguage":"es","@id":"https:\/\/tabernaculoprensadedios.com\/web\/#\/schema\/person\/image\/","url":"https:\/\/tabernaculoprensadedios.com\/web\/wp-content\/uploads\/2015\/06\/login-logo1.png","contentUrl":"https:\/\/tabernaculoprensadedios.com\/web\/wp-content\/uploads\/2015\/06\/login-logo1.png","width":300,"height":118,"caption":"tabernaculo"},"logo":{"@id":"https:\/\/tabernaculoprensadedios.com\/web\/#\/schema\/person\/image\/"},"url":"https:\/\/tabernaculoprensadedios.com\/web\/author\/tabernaculo\/"}]}},"_links":{"self":[{"href":"https:\/\/tabernaculoprensadedios.com\/web\/wp-json\/wp\/v2\/posts\/11998","targetHints":{"allow":["GET"]}}],"collection":[{"href":"https:\/\/tabernaculoprensadedios.com\/web\/wp-json\/wp\/v2\/posts"}],"about":[{"href":"https:\/\/tabernaculoprensadedios.com\/web\/wp-json\/wp\/v2\/types\/post"}],"author":[{"embeddable":true,"href":"https:\/\/tabernaculoprensadedios.com\/web\/wp-json\/wp\/v2\/users\/1"}],"replies":[{"embeddable":true,"href":"https:\/\/tabernaculoprensadedios.com\/web\/wp-json\/wp\/v2\/comments?post=11998"}],"version-history":[{"count":1,"href":"https:\/\/tabernaculoprensadedios.com\/web\/wp-json\/wp\/v2\/posts\/11998\/revisions"}],"predecessor-version":[{"id":12000,"href":"https:\/\/tabernaculoprensadedios.com\/web\/wp-json\/wp\/v2\/posts\/11998\/revisions\/12000"}],"wp:featuredmedia":[{"embeddable":true,"href":"https:\/\/tabernaculoprensadedios.com\/web\/wp-json\/wp\/v2\/media\/11999"}],"wp:attachment":[{"href":"https:\/\/tabernaculoprensadedios.com\/web\/wp-json\/wp\/v2\/media?parent=11998"}],"wp:term":[{"taxonomy":"category","embeddable":true,"href":"https:\/\/tabernaculoprensadedios.com\/web\/wp-json\/wp\/v2\/categories?post=11998"},{"taxonomy":"post_tag","embeddable":true,"href":"https:\/\/tabernaculoprensadedios.com\/web\/wp-json\/wp\/v2\/tags?post=11998"}],"curies":[{"name":"wp","href":"https:\/\/api.w.org\/{rel}","templated":true}]}}