{"id":11986,"date":"2019-02-05T18:54:12","date_gmt":"2019-02-05T18:54:12","guid":{"rendered":"http:\/\/tabernaculoprensadedios.com\/web\/?p=11986"},"modified":"2019-02-05T18:54:12","modified_gmt":"2019-02-05T18:54:12","slug":"pastores-doblan-sus-rodillas-en-una-plaza-por-argentina","status":"publish","type":"post","link":"https:\/\/tabernaculoprensadedios.com\/web\/pastores-doblan-sus-rodillas-en-una-plaza-por-argentina\/","title":{"rendered":"Pastores doblan sus rodillas en una plaza por Argentina"},"content":{"rendered":"<p>Sin duda que nuestro pa\u00eds, con miles de obreros que se quedan sin trabajo, jubilados que no alcanzan a cubrir sus gastos con lo que cobran, est\u00e1 atravesando una de las crisis mas grabes de los \u00faltimos tiempos. Pero siempre la iglesia sabe leer las necesidades que la rodean y acciona con la mejor arma que tiene, y es la oraci\u00f3n.<\/p>\n<p>Algunos grupos pastorales ya han puesto en marcha \u201choras de clamor a Dios\u201d por esta realidad y toda las necesidades que esto conlleva. Se suman acciones de asistencia a la comunidad con los pocos elementos que pueden contar, pero lo suplen con el amor que los motiva.<\/p>\n<p>Los pastores y l\u00edderes de la ciudad de Mu\u00f1iz en el gran Buenos Aires, el s\u00e1bado 9 de febrero pr\u00f3ximo a las 9 de la ma\u00f1ana estar\u00e1n dando el presente a tama\u00f1a responsabilidad. Lo har\u00e1n en la \u201cPlaza de las Carretas\u201d ubicada en Per\u00f3n y San Jos\u00e9, de dicha localidad. Convocan a estar doblando las rodillas buscando el auxilio del alt\u00edsimo.<\/p>\n<p>La Gaceta Cristiana sensible a esta realidad que golpea a nuestra sociedad, anima a todos sus lectores a participar de esta convocatoria y animar tambi\u00e9n a otros que se sumen. Es tiempo de volvernos solidarios con lo que le est\u00e1 pasando a los dem\u00e1s integrantes de nuestra sociedad, Es tiempo de recordar las ense\u00f1anzas de Jes\u00fas de asistir a nuestro pr\u00f3jimo.<\/p>\n","protected":false},"excerpt":{"rendered":"<p>Sin duda que nuestro pa\u00eds, con miles de obreros que se quedan sin trabajo, jubilados que no alcanzan a cubrir sus gastos con lo que cobran, est\u00e1 atravesando una de las crisis mas grabes de los \u00faltimos tiempos. Pero siempre la iglesia sabe leer las necesidades que la rodean y acciona con la mejor arma &hellip;<\/p>\n","protected":false},"author":1,"featured_media":11987,"comment_status":"open","ping_status":"open","sticky":false,"template":"","format":"standard","meta":{"footnotes":""},"categories":[24],"tags":[],"class_list":["post-11986","post","type-post","status-publish","format-standard","has-post-thumbnail","hentry","category-internacional"],"yoast_head":"<!-- This site is optimized with the Yoast SEO Premium plugin v24.2 (Yoast SEO v27.1.1) - https:\/\/yoast.com\/product\/yoast-seo-premium-wordpress\/ -->\n<title>Pastores doblan sus rodillas en una plaza por Argentina - Tabernaculo Prensa de Dios<\/title>\n<meta name=\"robots\" content=\"index, follow, max-snippet:-1, max-image-preview:large, max-video-preview:-1\" \/>\n<link rel=\"canonical\" href=\"https:\/\/tabernaculoprensadedios.com\/web\/pastores-doblan-sus-rodillas-en-una-plaza-por-argentina\/\" class=\"yoast-seo-meta-tag\" \/>\n<meta property=\"og:locale\" content=\"es_ES\" class=\"yoast-seo-meta-tag\" \/>\n<meta property=\"og:type\" content=\"article\" class=\"yoast-seo-meta-tag\" \/>\n<meta property=\"og:title\" content=\"Pastores doblan sus rodillas en una plaza por Argentina\" class=\"yoast-seo-meta-tag\" \/>\n<meta property=\"og:description\" content=\"Sin duda que nuestro pa\u00eds, con miles de obreros que se quedan sin trabajo, jubilados que no alcanzan a cubrir sus gastos con lo que cobran, est\u00e1 atravesando una de las crisis mas grabes de los \u00faltimos tiempos. Pero siempre la iglesia sabe leer las necesidades que la rodean y acciona con la mejor arma &hellip;\" class=\"yoast-seo-meta-tag\" \/>\n<meta property=\"og:url\" content=\"https:\/\/tabernaculoprensadedios.com\/web\/pastores-doblan-sus-rodillas-en-una-plaza-por-argentina\/\" class=\"yoast-seo-meta-tag\" \/>\n<meta property=\"og:site_name\" content=\"Tabernaculo Prensa de Dios\" class=\"yoast-seo-meta-tag\" \/>\n<meta property=\"article:published_time\" content=\"2019-02-05T18:54:12+00:00\" class=\"yoast-seo-meta-tag\" \/>\n<meta property=\"og:image\" content=\"https:\/\/tabernaculoprensadedios.com\/web\/wp-content\/uploads\/2019\/02\/Pastores-doblan-sus-rodillas-en-una-plaza-por-Argentina.jpg\" class=\"yoast-seo-meta-tag\" \/>\n\t<meta property=\"og:image:width\" content=\"700\" class=\"yoast-seo-meta-tag\" \/>\n\t<meta property=\"og:image:height\" content=\"396\" class=\"yoast-seo-meta-tag\" \/>\n\t<meta property=\"og:image:type\" content=\"image\/jpeg\" class=\"yoast-seo-meta-tag\" \/>\n<meta name=\"author\" content=\"tabernaculo\" class=\"yoast-seo-meta-tag\" \/>\n<meta name=\"twitter:card\" content=\"summary_large_image\" class=\"yoast-seo-meta-tag\" \/>\n<meta name=\"twitter:creator\" content=\"@PrensadeDios\" class=\"yoast-seo-meta-tag\" \/>\n<meta name=\"twitter:site\" content=\"@PrensadeDios\" class=\"yoast-seo-meta-tag\" \/>\n<meta name=\"twitter:label1\" content=\"Escrito por\" class=\"yoast-seo-meta-tag\" \/>\n\t<meta name=\"twitter:data1\" content=\"tabernaculo\" class=\"yoast-seo-meta-tag\" \/>\n\t<meta name=\"twitter:label2\" content=\"Tiempo de lectura\" class=\"yoast-seo-meta-tag\" \/>\n\t<meta name=\"twitter:data2\" content=\"1 minuto\" class=\"yoast-seo-meta-tag\" \/>\n<script type=\"application\/ld+json\" class=\"yoast-schema-graph\">{\"@context\":\"https:\/\/schema.org\",\"@graph\":[{\"@type\":\"Article\",\"@id\":\"https:\/\/tabernaculoprensadedios.com\/web\/pastores-doblan-sus-rodillas-en-una-plaza-por-argentina\/#article\",\"isPartOf\":{\"@id\":\"https:\/\/tabernaculoprensadedios.com\/web\/pastores-doblan-sus-rodillas-en-una-plaza-por-argentina\/\"},\"author\":{\"name\":\"tabernaculo\",\"@id\":\"https:\/\/tabernaculoprensadedios.com\/web\/#\/schema\/person\/bc0e069fef56b38e177db6f098ae0b6e\"},\"headline\":\"Pastores doblan sus rodillas en una plaza por Argentina\",\"datePublished\":\"2019-02-05T18:54:12+00:00\",\"mainEntityOfPage\":{\"@id\":\"https:\/\/tabernaculoprensadedios.com\/web\/pastores-doblan-sus-rodillas-en-una-plaza-por-argentina\/\"},\"wordCount\":254,\"commentCount\":0,\"publisher\":{\"@id\":\"https:\/\/tabernaculoprensadedios.com\/web\/#\/schema\/person\/bc0e069fef56b38e177db6f098ae0b6e\"},\"image\":{\"@id\":\"https:\/\/tabernaculoprensadedios.com\/web\/pastores-doblan-sus-rodillas-en-una-plaza-por-argentina\/#primaryimage\"},\"thumbnailUrl\":\"https:\/\/tabernaculoprensadedios.com\/web\/wp-content\/uploads\/2019\/02\/Pastores-doblan-sus-rodillas-en-una-plaza-por-Argentina.jpg\",\"articleSection\":[\"Internacionales\"],\"inLanguage\":\"es\",\"potentialAction\":[{\"@type\":\"CommentAction\",\"name\":\"Comment\",\"target\":[\"https:\/\/tabernaculoprensadedios.com\/web\/pastores-doblan-sus-rodillas-en-una-plaza-por-argentina\/#respond\"]}]},{\"@type\":\"WebPage\",\"@id\":\"https:\/\/tabernaculoprensadedios.com\/web\/pastores-doblan-sus-rodillas-en-una-plaza-por-argentina\/\",\"url\":\"https:\/\/tabernaculoprensadedios.com\/web\/pastores-doblan-sus-rodillas-en-una-plaza-por-argentina\/\",\"name\":\"Pastores doblan sus rodillas en una plaza por Argentina - Tabernaculo Prensa de Dios\",\"isPartOf\":{\"@id\":\"https:\/\/tabernaculoprensadedios.com\/web\/#website\"},\"primaryImageOfPage\":{\"@id\":\"https:\/\/tabernaculoprensadedios.com\/web\/pastores-doblan-sus-rodillas-en-una-plaza-por-argentina\/#primaryimage\"},\"image\":{\"@id\":\"https:\/\/tabernaculoprensadedios.com\/web\/pastores-doblan-sus-rodillas-en-una-plaza-por-argentina\/#primaryimage\"},\"thumbnailUrl\":\"https:\/\/tabernaculoprensadedios.com\/web\/wp-content\/uploads\/2019\/02\/Pastores-doblan-sus-rodillas-en-una-plaza-por-Argentina.jpg\",\"datePublished\":\"2019-02-05T18:54:12+00:00\",\"breadcrumb\":{\"@id\":\"https:\/\/tabernaculoprensadedios.com\/web\/pastores-doblan-sus-rodillas-en-una-plaza-por-argentina\/#breadcrumb\"},\"inLanguage\":\"es\",\"potentialAction\":[{\"@type\":\"ReadAction\",\"target\":[\"https:\/\/tabernaculoprensadedios.com\/web\/pastores-doblan-sus-rodillas-en-una-plaza-por-argentina\/\"]}]},{\"@type\":\"ImageObject\",\"inLanguage\":\"es\",\"@id\":\"https:\/\/tabernaculoprensadedios.com\/web\/pastores-doblan-sus-rodillas-en-una-plaza-por-argentina\/#primaryimage\",\"url\":\"https:\/\/tabernaculoprensadedios.com\/web\/wp-content\/uploads\/2019\/02\/Pastores-doblan-sus-rodillas-en-una-plaza-por-Argentina.jpg\",\"contentUrl\":\"https:\/\/tabernaculoprensadedios.com\/web\/wp-content\/uploads\/2019\/02\/Pastores-doblan-sus-rodillas-en-una-plaza-por-Argentina.jpg\",\"width\":700,\"height\":396},{\"@type\":\"BreadcrumbList\",\"@id\":\"https:\/\/tabernaculoprensadedios.com\/web\/pastores-doblan-sus-rodillas-en-una-plaza-por-argentina\/#breadcrumb\",\"itemListElement\":[{\"@type\":\"ListItem\",\"position\":1,\"name\":\"Portada\",\"item\":\"https:\/\/tabernaculoprensadedios.com\/web\/\"},{\"@type\":\"ListItem\",\"position\":2,\"name\":\"Pastores doblan sus rodillas en una plaza por Argentina\"}]},{\"@type\":\"WebSite\",\"@id\":\"https:\/\/tabernaculoprensadedios.com\/web\/#website\",\"url\":\"https:\/\/tabernaculoprensadedios.com\/web\/\",\"name\":\"Tabernaculo Prensa de Dios\",\"description\":\"Un medio a la manera de Dios\",\"publisher\":{\"@id\":\"https:\/\/tabernaculoprensadedios.com\/web\/#\/schema\/person\/bc0e069fef56b38e177db6f098ae0b6e\"},\"potentialAction\":[{\"@type\":\"SearchAction\",\"target\":{\"@type\":\"EntryPoint\",\"urlTemplate\":\"https:\/\/tabernaculoprensadedios.com\/web\/?s={search_term_string}\"},\"query-input\":{\"@type\":\"PropertyValueSpecification\",\"valueRequired\":true,\"valueName\":\"search_term_string\"}}],\"inLanguage\":\"es\"},{\"@type\":[\"Person\",\"Organization\"],\"@id\":\"https:\/\/tabernaculoprensadedios.com\/web\/#\/schema\/person\/bc0e069fef56b38e177db6f098ae0b6e\",\"name\":\"tabernaculo\",\"image\":{\"@type\":\"ImageObject\",\"inLanguage\":\"es\",\"@id\":\"https:\/\/tabernaculoprensadedios.com\/web\/#\/schema\/person\/image\/\",\"url\":\"https:\/\/tabernaculoprensadedios.com\/web\/wp-content\/uploads\/2015\/06\/login-logo1.png\",\"contentUrl\":\"https:\/\/tabernaculoprensadedios.com\/web\/wp-content\/uploads\/2015\/06\/login-logo1.png\",\"width\":300,\"height\":118,\"caption\":\"tabernaculo\"},\"logo\":{\"@id\":\"https:\/\/tabernaculoprensadedios.com\/web\/#\/schema\/person\/image\/\"},\"url\":\"https:\/\/tabernaculoprensadedios.com\/web\/author\/tabernaculo\/\"}]}<\/script>\n<!-- \/ Yoast SEO Premium plugin. -->","yoast_head_json":{"title":"Pastores doblan sus rodillas en una plaza por Argentina - Tabernaculo Prensa de Dios","robots":{"index":"index","follow":"follow","max-snippet":"max-snippet:-1","max-image-preview":"max-image-preview:large","max-video-preview":"max-video-preview:-1"},"canonical":"https:\/\/tabernaculoprensadedios.com\/web\/pastores-doblan-sus-rodillas-en-una-plaza-por-argentina\/","og_locale":"es_ES","og_type":"article","og_title":"Pastores doblan sus rodillas en una plaza por Argentina","og_description":"Sin duda que nuestro pa\u00eds, con miles de obreros que se quedan sin trabajo, jubilados que no alcanzan a cubrir sus gastos con lo que cobran, est\u00e1 atravesando una de las crisis mas grabes de los \u00faltimos tiempos. Pero siempre la iglesia sabe leer las necesidades que la rodean y acciona con la mejor arma &hellip;","og_url":"https:\/\/tabernaculoprensadedios.com\/web\/pastores-doblan-sus-rodillas-en-una-plaza-por-argentina\/","og_site_name":"Tabernaculo Prensa de Dios","article_published_time":"2019-02-05T18:54:12+00:00","og_image":[{"width":700,"height":396,"url":"https:\/\/tabernaculoprensadedios.com\/web\/wp-content\/uploads\/2019\/02\/Pastores-doblan-sus-rodillas-en-una-plaza-por-Argentina.jpg","type":"image\/jpeg"}],"author":"tabernaculo","twitter_card":"summary_large_image","twitter_creator":"@PrensadeDios","twitter_site":"@PrensadeDios","twitter_misc":{"Escrito por":"tabernaculo","Tiempo de lectura":"1 minuto"},"schema":{"@context":"https:\/\/schema.org","@graph":[{"@type":"Article","@id":"https:\/\/tabernaculoprensadedios.com\/web\/pastores-doblan-sus-rodillas-en-una-plaza-por-argentina\/#article","isPartOf":{"@id":"https:\/\/tabernaculoprensadedios.com\/web\/pastores-doblan-sus-rodillas-en-una-plaza-por-argentina\/"},"author":{"name":"tabernaculo","@id":"https:\/\/tabernaculoprensadedios.com\/web\/#\/schema\/person\/bc0e069fef56b38e177db6f098ae0b6e"},"headline":"Pastores doblan sus rodillas en una plaza por Argentina","datePublished":"2019-02-05T18:54:12+00:00","mainEntityOfPage":{"@id":"https:\/\/tabernaculoprensadedios.com\/web\/pastores-doblan-sus-rodillas-en-una-plaza-por-argentina\/"},"wordCount":254,"commentCount":0,"publisher":{"@id":"https:\/\/tabernaculoprensadedios.com\/web\/#\/schema\/person\/bc0e069fef56b38e177db6f098ae0b6e"},"image":{"@id":"https:\/\/tabernaculoprensadedios.com\/web\/pastores-doblan-sus-rodillas-en-una-plaza-por-argentina\/#primaryimage"},"thumbnailUrl":"https:\/\/tabernaculoprensadedios.com\/web\/wp-content\/uploads\/2019\/02\/Pastores-doblan-sus-rodillas-en-una-plaza-por-Argentina.jpg","articleSection":["Internacionales"],"inLanguage":"es","potentialAction":[{"@type":"CommentAction","name":"Comment","target":["https:\/\/tabernaculoprensadedios.com\/web\/pastores-doblan-sus-rodillas-en-una-plaza-por-argentina\/#respond"]}]},{"@type":"WebPage","@id":"https:\/\/tabernaculoprensadedios.com\/web\/pastores-doblan-sus-rodillas-en-una-plaza-por-argentina\/","url":"https:\/\/tabernaculoprensadedios.com\/web\/pastores-doblan-sus-rodillas-en-una-plaza-por-argentina\/","name":"Pastores doblan sus rodillas en una plaza por Argentina - Tabernaculo Prensa de Dios","isPartOf":{"@id":"https:\/\/tabernaculoprensadedios.com\/web\/#website"},"primaryImageOfPage":{"@id":"https:\/\/tabernaculoprensadedios.com\/web\/pastores-doblan-sus-rodillas-en-una-plaza-por-argentina\/#primaryimage"},"image":{"@id":"https:\/\/tabernaculoprensadedios.com\/web\/pastores-doblan-sus-rodillas-en-una-plaza-por-argentina\/#primaryimage"},"thumbnailUrl":"https:\/\/tabernaculoprensadedios.com\/web\/wp-content\/uploads\/2019\/02\/Pastores-doblan-sus-rodillas-en-una-plaza-por-Argentina.jpg","datePublished":"2019-02-05T18:54:12+00:00","breadcrumb":{"@id":"https:\/\/tabernaculoprensadedios.com\/web\/pastores-doblan-sus-rodillas-en-una-plaza-por-argentina\/#breadcrumb"},"inLanguage":"es","potentialAction":[{"@type":"ReadAction","target":["https:\/\/tabernaculoprensadedios.com\/web\/pastores-doblan-sus-rodillas-en-una-plaza-por-argentina\/"]}]},{"@type":"ImageObject","inLanguage":"es","@id":"https:\/\/tabernaculoprensadedios.com\/web\/pastores-doblan-sus-rodillas-en-una-plaza-por-argentina\/#primaryimage","url":"https:\/\/tabernaculoprensadedios.com\/web\/wp-content\/uploads\/2019\/02\/Pastores-doblan-sus-rodillas-en-una-plaza-por-Argentina.jpg","contentUrl":"https:\/\/tabernaculoprensadedios.com\/web\/wp-content\/uploads\/2019\/02\/Pastores-doblan-sus-rodillas-en-una-plaza-por-Argentina.jpg","width":700,"height":396},{"@type":"BreadcrumbList","@id":"https:\/\/tabernaculoprensadedios.com\/web\/pastores-doblan-sus-rodillas-en-una-plaza-por-argentina\/#breadcrumb","itemListElement":[{"@type":"ListItem","position":1,"name":"Portada","item":"https:\/\/tabernaculoprensadedios.com\/web\/"},{"@type":"ListItem","position":2,"name":"Pastores doblan sus rodillas en una plaza por Argentina"}]},{"@type":"WebSite","@id":"https:\/\/tabernaculoprensadedios.com\/web\/#website","url":"https:\/\/tabernaculoprensadedios.com\/web\/","name":"Tabernaculo Prensa de Dios","description":"Un medio a la manera de Dios","publisher":{"@id":"https:\/\/tabernaculoprensadedios.com\/web\/#\/schema\/person\/bc0e069fef56b38e177db6f098ae0b6e"},"potentialAction":[{"@type":"SearchAction","target":{"@type":"EntryPoint","urlTemplate":"https:\/\/tabernaculoprensadedios.com\/web\/?s={search_term_string}"},"query-input":{"@type":"PropertyValueSpecification","valueRequired":true,"valueName":"search_term_string"}}],"inLanguage":"es"},{"@type":["Person","Organization"],"@id":"https:\/\/tabernaculoprensadedios.com\/web\/#\/schema\/person\/bc0e069fef56b38e177db6f098ae0b6e","name":"tabernaculo","image":{"@type":"ImageObject","inLanguage":"es","@id":"https:\/\/tabernaculoprensadedios.com\/web\/#\/schema\/person\/image\/","url":"https:\/\/tabernaculoprensadedios.com\/web\/wp-content\/uploads\/2015\/06\/login-logo1.png","contentUrl":"https:\/\/tabernaculoprensadedios.com\/web\/wp-content\/uploads\/2015\/06\/login-logo1.png","width":300,"height":118,"caption":"tabernaculo"},"logo":{"@id":"https:\/\/tabernaculoprensadedios.com\/web\/#\/schema\/person\/image\/"},"url":"https:\/\/tabernaculoprensadedios.com\/web\/author\/tabernaculo\/"}]}},"_links":{"self":[{"href":"https:\/\/tabernaculoprensadedios.com\/web\/wp-json\/wp\/v2\/posts\/11986","targetHints":{"allow":["GET"]}}],"collection":[{"href":"https:\/\/tabernaculoprensadedios.com\/web\/wp-json\/wp\/v2\/posts"}],"about":[{"href":"https:\/\/tabernaculoprensadedios.com\/web\/wp-json\/wp\/v2\/types\/post"}],"author":[{"embeddable":true,"href":"https:\/\/tabernaculoprensadedios.com\/web\/wp-json\/wp\/v2\/users\/1"}],"replies":[{"embeddable":true,"href":"https:\/\/tabernaculoprensadedios.com\/web\/wp-json\/wp\/v2\/comments?post=11986"}],"version-history":[{"count":1,"href":"https:\/\/tabernaculoprensadedios.com\/web\/wp-json\/wp\/v2\/posts\/11986\/revisions"}],"predecessor-version":[{"id":11988,"href":"https:\/\/tabernaculoprensadedios.com\/web\/wp-json\/wp\/v2\/posts\/11986\/revisions\/11988"}],"wp:featuredmedia":[{"embeddable":true,"href":"https:\/\/tabernaculoprensadedios.com\/web\/wp-json\/wp\/v2\/media\/11987"}],"wp:attachment":[{"href":"https:\/\/tabernaculoprensadedios.com\/web\/wp-json\/wp\/v2\/media?parent=11986"}],"wp:term":[{"taxonomy":"category","embeddable":true,"href":"https:\/\/tabernaculoprensadedios.com\/web\/wp-json\/wp\/v2\/categories?post=11986"},{"taxonomy":"post_tag","embeddable":true,"href":"https:\/\/tabernaculoprensadedios.com\/web\/wp-json\/wp\/v2\/tags?post=11986"}],"curies":[{"name":"wp","href":"https:\/\/api.w.org\/{rel}","templated":true}]}}