{"id":11983,"date":"2019-02-05T18:51:34","date_gmt":"2019-02-05T18:51:34","guid":{"rendered":"http:\/\/tabernaculoprensadedios.com\/web\/?p=11983"},"modified":"2019-02-05T18:51:34","modified_gmt":"2019-02-05T18:51:34","slug":"judios-y-evangelicos-se-acercan-a-los-lideres-arabes-del-golfo-suni","status":"publish","type":"post","link":"https:\/\/tabernaculoprensadedios.com\/web\/judios-y-evangelicos-se-acercan-a-los-lideres-arabes-del-golfo-suni\/","title":{"rendered":"Jud\u00edos y evang\u00e9licos se acercan a los l\u00edderes \u00e1rabes del golfo sun\u00ed"},"content":{"rendered":"<p>Emiratos \u00c1rabes Unidos (AP). En el contexto la primera visita papal en la Pen\u00ednsula Ar\u00e1biga, se realiza una conferencia interreligiosa que incluye a prominentes rabinos de Estados Unidos, cristianos evang\u00e9licos que buscan un mayor reconocimiento de Israel a trav\u00e9s de v\u00ednculos m\u00e1s estrechos con figuras musulmanas y l\u00edderes \u00e1rabes.<\/p>\n<p>Estos intereses fusionados se producen cuando los l\u00edderes \u00e1rabes buscan fortalecer los v\u00ednculos con la administraci\u00f3n de Trump a trav\u00e9s de su base evang\u00e9lica de partidarios.<\/p>\n<p>El mes despu\u00e9s de que el escritor saudita Jamal Khashoggi fue asesinado por agentes cercanos al pr\u00edncipe heredero Mohammed bin Salman en el Consulado de Arabia Saudita en Turqu\u00eda, una delegaci\u00f3n de los principales evang\u00e9licos cristianos, incluidos los l\u00edderes sionistas cristianos estadounidenses, viaj\u00f3 a Riad para reunirse con el pr\u00edncipe heredero, la primera reuni\u00f3n de este tipo.<\/p>\n<p>El momento de este acercamiento fue especialmente crucial para el pr\u00edncipe heredero, qui\u00e9n enfrent\u00f3 una feroz cr\u00edtica en los EE. UU. sobre el asesinato, a pesar de las negaciones por parte del reino de que tuvo alguna participaci\u00f3n.<\/p>\n<p>La delegaci\u00f3n a Riad fue encabezada por el estratega de comunicaciones con base en Israel Joel Rosenberg e incluy\u00f3 al ex representante de Minnesota Michele Bachmann; Jerry Johnson, presidente y CEO de National Religious Broadcasters; y Michael Little, ex presidente y director de operaciones de The Christian Broadcasting Network, entre otros.<\/p>\n<p>CBN lo describi\u00f3 como una reuni\u00f3n \u00abllena tanto de controversia pol\u00edtica como de oportunidad espiritual\u00bb.<\/p>\n<p>El grupo emiti\u00f3 una declaraci\u00f3n despu\u00e9s de la reuni\u00f3n diciendo que estaban \u00abalentados por la sinceridad de la conversaci\u00f3n de dos horas\u00bb y que esperaban continuar el di\u00e1logo.<\/p>\n<p>La reuni\u00f3n de Riad se produjo despu\u00e9s de que el pr\u00edncipe heredero se hubiera reunido con los principales l\u00edderes estadounidenses de origen jud\u00edo en los Estados Unidos en abril. Tambi\u00e9n se le cit\u00f3 hablar sobre el \u00abderecho de los israel\u00edes a tener su propia tierra\u00bb durante su recorrido por las principales ciudades de Estados Unidos.<\/p>\n<p>Justo antes de su parada en Arabia Saudita, los evang\u00e9licos estaban en Abu Dhabi reuni\u00e9ndose con su pr\u00edncipe heredero, el jeque Mohammed bin Zayed Al Nahyan. Anteriormente ya se hab\u00edan reunido con el presidente de Egipto, Abdel-Fattah el-Sissi. Fuente: bpnews<\/p>\n","protected":false},"excerpt":{"rendered":"<p>Emiratos \u00c1rabes Unidos (AP). En el contexto la primera visita papal en la Pen\u00ednsula Ar\u00e1biga, se realiza una conferencia interreligiosa que incluye a prominentes rabinos de Estados Unidos, cristianos evang\u00e9licos que buscan un mayor reconocimiento de Israel a trav\u00e9s de v\u00ednculos m\u00e1s estrechos con figuras musulmanas y l\u00edderes \u00e1rabes. Estos intereses fusionados se producen cuando &hellip;<\/p>\n","protected":false},"author":1,"featured_media":11984,"comment_status":"open","ping_status":"open","sticky":false,"template":"","format":"standard","meta":{"footnotes":""},"categories":[24],"tags":[],"class_list":["post-11983","post","type-post","status-publish","format-standard","has-post-thumbnail","hentry","category-internacional"],"yoast_head":"<!-- This site is optimized with the Yoast SEO Premium plugin v24.2 (Yoast SEO v27.1.1) - https:\/\/yoast.com\/product\/yoast-seo-premium-wordpress\/ -->\n<title>Jud\u00edos y evang\u00e9licos se acercan a los l\u00edderes \u00e1rabes del golfo sun\u00ed - Tabernaculo Prensa de Dios<\/title>\n<meta name=\"robots\" content=\"index, follow, max-snippet:-1, max-image-preview:large, max-video-preview:-1\" \/>\n<link rel=\"canonical\" href=\"https:\/\/tabernaculoprensadedios.com\/web\/judios-y-evangelicos-se-acercan-a-los-lideres-arabes-del-golfo-suni\/\" class=\"yoast-seo-meta-tag\" \/>\n<meta property=\"og:locale\" content=\"es_ES\" class=\"yoast-seo-meta-tag\" \/>\n<meta property=\"og:type\" content=\"article\" class=\"yoast-seo-meta-tag\" \/>\n<meta property=\"og:title\" content=\"Jud\u00edos y evang\u00e9licos se acercan a los l\u00edderes \u00e1rabes del golfo sun\u00ed\" class=\"yoast-seo-meta-tag\" \/>\n<meta property=\"og:description\" content=\"Emiratos \u00c1rabes Unidos (AP). En el contexto la primera visita papal en la Pen\u00ednsula Ar\u00e1biga, se realiza una conferencia interreligiosa que incluye a prominentes rabinos de Estados Unidos, cristianos evang\u00e9licos que buscan un mayor reconocimiento de Israel a trav\u00e9s de v\u00ednculos m\u00e1s estrechos con figuras musulmanas y l\u00edderes \u00e1rabes. Estos intereses fusionados se producen cuando &hellip;\" class=\"yoast-seo-meta-tag\" \/>\n<meta property=\"og:url\" content=\"https:\/\/tabernaculoprensadedios.com\/web\/judios-y-evangelicos-se-acercan-a-los-lideres-arabes-del-golfo-suni\/\" class=\"yoast-seo-meta-tag\" \/>\n<meta property=\"og:site_name\" content=\"Tabernaculo Prensa de Dios\" class=\"yoast-seo-meta-tag\" \/>\n<meta property=\"article:published_time\" content=\"2019-02-05T18:51:34+00:00\" class=\"yoast-seo-meta-tag\" \/>\n<meta property=\"og:image\" content=\"https:\/\/tabernaculoprensadedios.com\/web\/wp-content\/uploads\/2019\/02\/Jud\u00edos-y-evang\u00e9licos-se-acercan-a-los-l\u00edderes-\u00e1rabes-del-golfo-sun\u00ed.jpg\" class=\"yoast-seo-meta-tag\" \/>\n\t<meta property=\"og:image:width\" content=\"1000\" class=\"yoast-seo-meta-tag\" \/>\n\t<meta property=\"og:image:height\" content=\"563\" class=\"yoast-seo-meta-tag\" \/>\n\t<meta property=\"og:image:type\" content=\"image\/jpeg\" class=\"yoast-seo-meta-tag\" \/>\n<meta name=\"author\" content=\"tabernaculo\" class=\"yoast-seo-meta-tag\" \/>\n<meta name=\"twitter:card\" content=\"summary_large_image\" class=\"yoast-seo-meta-tag\" \/>\n<meta name=\"twitter:creator\" content=\"@PrensadeDios\" class=\"yoast-seo-meta-tag\" \/>\n<meta name=\"twitter:site\" content=\"@PrensadeDios\" class=\"yoast-seo-meta-tag\" \/>\n<meta name=\"twitter:label1\" content=\"Escrito por\" class=\"yoast-seo-meta-tag\" \/>\n\t<meta name=\"twitter:data1\" content=\"tabernaculo\" class=\"yoast-seo-meta-tag\" \/>\n\t<meta name=\"twitter:label2\" content=\"Tiempo de lectura\" class=\"yoast-seo-meta-tag\" \/>\n\t<meta name=\"twitter:data2\" content=\"2 minutos\" class=\"yoast-seo-meta-tag\" \/>\n<script type=\"application\/ld+json\" class=\"yoast-schema-graph\">{\"@context\":\"https:\/\/schema.org\",\"@graph\":[{\"@type\":\"Article\",\"@id\":\"https:\/\/tabernaculoprensadedios.com\/web\/judios-y-evangelicos-se-acercan-a-los-lideres-arabes-del-golfo-suni\/#article\",\"isPartOf\":{\"@id\":\"https:\/\/tabernaculoprensadedios.com\/web\/judios-y-evangelicos-se-acercan-a-los-lideres-arabes-del-golfo-suni\/\"},\"author\":{\"name\":\"tabernaculo\",\"@id\":\"https:\/\/tabernaculoprensadedios.com\/web\/#\/schema\/person\/bc0e069fef56b38e177db6f098ae0b6e\"},\"headline\":\"Jud\u00edos y evang\u00e9licos se acercan a los l\u00edderes \u00e1rabes del golfo sun\u00ed\",\"datePublished\":\"2019-02-05T18:51:34+00:00\",\"mainEntityOfPage\":{\"@id\":\"https:\/\/tabernaculoprensadedios.com\/web\/judios-y-evangelicos-se-acercan-a-los-lideres-arabes-del-golfo-suni\/\"},\"wordCount\":417,\"commentCount\":0,\"publisher\":{\"@id\":\"https:\/\/tabernaculoprensadedios.com\/web\/#\/schema\/person\/bc0e069fef56b38e177db6f098ae0b6e\"},\"image\":{\"@id\":\"https:\/\/tabernaculoprensadedios.com\/web\/judios-y-evangelicos-se-acercan-a-los-lideres-arabes-del-golfo-suni\/#primaryimage\"},\"thumbnailUrl\":\"https:\/\/tabernaculoprensadedios.com\/web\/wp-content\/uploads\/2019\/02\/Jud\u00edos-y-evang\u00e9licos-se-acercan-a-los-l\u00edderes-\u00e1rabes-del-golfo-sun\u00ed.jpg\",\"articleSection\":[\"Internacionales\"],\"inLanguage\":\"es\",\"potentialAction\":[{\"@type\":\"CommentAction\",\"name\":\"Comment\",\"target\":[\"https:\/\/tabernaculoprensadedios.com\/web\/judios-y-evangelicos-se-acercan-a-los-lideres-arabes-del-golfo-suni\/#respond\"]}]},{\"@type\":\"WebPage\",\"@id\":\"https:\/\/tabernaculoprensadedios.com\/web\/judios-y-evangelicos-se-acercan-a-los-lideres-arabes-del-golfo-suni\/\",\"url\":\"https:\/\/tabernaculoprensadedios.com\/web\/judios-y-evangelicos-se-acercan-a-los-lideres-arabes-del-golfo-suni\/\",\"name\":\"Jud\u00edos y evang\u00e9licos se acercan a los l\u00edderes \u00e1rabes del golfo sun\u00ed - Tabernaculo Prensa de Dios\",\"isPartOf\":{\"@id\":\"https:\/\/tabernaculoprensadedios.com\/web\/#website\"},\"primaryImageOfPage\":{\"@id\":\"https:\/\/tabernaculoprensadedios.com\/web\/judios-y-evangelicos-se-acercan-a-los-lideres-arabes-del-golfo-suni\/#primaryimage\"},\"image\":{\"@id\":\"https:\/\/tabernaculoprensadedios.com\/web\/judios-y-evangelicos-se-acercan-a-los-lideres-arabes-del-golfo-suni\/#primaryimage\"},\"thumbnailUrl\":\"https:\/\/tabernaculoprensadedios.com\/web\/wp-content\/uploads\/2019\/02\/Jud\u00edos-y-evang\u00e9licos-se-acercan-a-los-l\u00edderes-\u00e1rabes-del-golfo-sun\u00ed.jpg\",\"datePublished\":\"2019-02-05T18:51:34+00:00\",\"breadcrumb\":{\"@id\":\"https:\/\/tabernaculoprensadedios.com\/web\/judios-y-evangelicos-se-acercan-a-los-lideres-arabes-del-golfo-suni\/#breadcrumb\"},\"inLanguage\":\"es\",\"potentialAction\":[{\"@type\":\"ReadAction\",\"target\":[\"https:\/\/tabernaculoprensadedios.com\/web\/judios-y-evangelicos-se-acercan-a-los-lideres-arabes-del-golfo-suni\/\"]}]},{\"@type\":\"ImageObject\",\"inLanguage\":\"es\",\"@id\":\"https:\/\/tabernaculoprensadedios.com\/web\/judios-y-evangelicos-se-acercan-a-los-lideres-arabes-del-golfo-suni\/#primaryimage\",\"url\":\"https:\/\/tabernaculoprensadedios.com\/web\/wp-content\/uploads\/2019\/02\/Jud\u00edos-y-evang\u00e9licos-se-acercan-a-los-l\u00edderes-\u00e1rabes-del-golfo-sun\u00ed.jpg\",\"contentUrl\":\"https:\/\/tabernaculoprensadedios.com\/web\/wp-content\/uploads\/2019\/02\/Jud\u00edos-y-evang\u00e9licos-se-acercan-a-los-l\u00edderes-\u00e1rabes-del-golfo-sun\u00ed.jpg\",\"width\":\"1000\",\"height\":\"563\"},{\"@type\":\"BreadcrumbList\",\"@id\":\"https:\/\/tabernaculoprensadedios.com\/web\/judios-y-evangelicos-se-acercan-a-los-lideres-arabes-del-golfo-suni\/#breadcrumb\",\"itemListElement\":[{\"@type\":\"ListItem\",\"position\":1,\"name\":\"Portada\",\"item\":\"https:\/\/tabernaculoprensadedios.com\/web\/\"},{\"@type\":\"ListItem\",\"position\":2,\"name\":\"Jud\u00edos y evang\u00e9licos se acercan a los l\u00edderes \u00e1rabes del golfo sun\u00ed\"}]},{\"@type\":\"WebSite\",\"@id\":\"https:\/\/tabernaculoprensadedios.com\/web\/#website\",\"url\":\"https:\/\/tabernaculoprensadedios.com\/web\/\",\"name\":\"Tabernaculo Prensa de Dios\",\"description\":\"Un medio a la manera de Dios\",\"publisher\":{\"@id\":\"https:\/\/tabernaculoprensadedios.com\/web\/#\/schema\/person\/bc0e069fef56b38e177db6f098ae0b6e\"},\"potentialAction\":[{\"@type\":\"SearchAction\",\"target\":{\"@type\":\"EntryPoint\",\"urlTemplate\":\"https:\/\/tabernaculoprensadedios.com\/web\/?s={search_term_string}\"},\"query-input\":{\"@type\":\"PropertyValueSpecification\",\"valueRequired\":true,\"valueName\":\"search_term_string\"}}],\"inLanguage\":\"es\"},{\"@type\":[\"Person\",\"Organization\"],\"@id\":\"https:\/\/tabernaculoprensadedios.com\/web\/#\/schema\/person\/bc0e069fef56b38e177db6f098ae0b6e\",\"name\":\"tabernaculo\",\"image\":{\"@type\":\"ImageObject\",\"inLanguage\":\"es\",\"@id\":\"https:\/\/tabernaculoprensadedios.com\/web\/#\/schema\/person\/image\/\",\"url\":\"https:\/\/tabernaculoprensadedios.com\/web\/wp-content\/uploads\/2015\/06\/login-logo1.png\",\"contentUrl\":\"https:\/\/tabernaculoprensadedios.com\/web\/wp-content\/uploads\/2015\/06\/login-logo1.png\",\"width\":300,\"height\":118,\"caption\":\"tabernaculo\"},\"logo\":{\"@id\":\"https:\/\/tabernaculoprensadedios.com\/web\/#\/schema\/person\/image\/\"},\"url\":\"https:\/\/tabernaculoprensadedios.com\/web\/author\/tabernaculo\/\"}]}<\/script>\n<!-- \/ Yoast SEO Premium plugin. -->","yoast_head_json":{"title":"Jud\u00edos y evang\u00e9licos se acercan a los l\u00edderes \u00e1rabes del golfo sun\u00ed - Tabernaculo Prensa de Dios","robots":{"index":"index","follow":"follow","max-snippet":"max-snippet:-1","max-image-preview":"max-image-preview:large","max-video-preview":"max-video-preview:-1"},"canonical":"https:\/\/tabernaculoprensadedios.com\/web\/judios-y-evangelicos-se-acercan-a-los-lideres-arabes-del-golfo-suni\/","og_locale":"es_ES","og_type":"article","og_title":"Jud\u00edos y evang\u00e9licos se acercan a los l\u00edderes \u00e1rabes del golfo sun\u00ed","og_description":"Emiratos \u00c1rabes Unidos (AP). En el contexto la primera visita papal en la Pen\u00ednsula Ar\u00e1biga, se realiza una conferencia interreligiosa que incluye a prominentes rabinos de Estados Unidos, cristianos evang\u00e9licos que buscan un mayor reconocimiento de Israel a trav\u00e9s de v\u00ednculos m\u00e1s estrechos con figuras musulmanas y l\u00edderes \u00e1rabes. Estos intereses fusionados se producen cuando &hellip;","og_url":"https:\/\/tabernaculoprensadedios.com\/web\/judios-y-evangelicos-se-acercan-a-los-lideres-arabes-del-golfo-suni\/","og_site_name":"Tabernaculo Prensa de Dios","article_published_time":"2019-02-05T18:51:34+00:00","og_image":[{"width":1000,"height":563,"url":"https:\/\/tabernaculoprensadedios.com\/web\/wp-content\/uploads\/2019\/02\/Jud\u00edos-y-evang\u00e9licos-se-acercan-a-los-l\u00edderes-\u00e1rabes-del-golfo-sun\u00ed.jpg","type":"image\/jpeg"}],"author":"tabernaculo","twitter_card":"summary_large_image","twitter_creator":"@PrensadeDios","twitter_site":"@PrensadeDios","twitter_misc":{"Escrito por":"tabernaculo","Tiempo de lectura":"2 minutos"},"schema":{"@context":"https:\/\/schema.org","@graph":[{"@type":"Article","@id":"https:\/\/tabernaculoprensadedios.com\/web\/judios-y-evangelicos-se-acercan-a-los-lideres-arabes-del-golfo-suni\/#article","isPartOf":{"@id":"https:\/\/tabernaculoprensadedios.com\/web\/judios-y-evangelicos-se-acercan-a-los-lideres-arabes-del-golfo-suni\/"},"author":{"name":"tabernaculo","@id":"https:\/\/tabernaculoprensadedios.com\/web\/#\/schema\/person\/bc0e069fef56b38e177db6f098ae0b6e"},"headline":"Jud\u00edos y evang\u00e9licos se acercan a los l\u00edderes \u00e1rabes del golfo sun\u00ed","datePublished":"2019-02-05T18:51:34+00:00","mainEntityOfPage":{"@id":"https:\/\/tabernaculoprensadedios.com\/web\/judios-y-evangelicos-se-acercan-a-los-lideres-arabes-del-golfo-suni\/"},"wordCount":417,"commentCount":0,"publisher":{"@id":"https:\/\/tabernaculoprensadedios.com\/web\/#\/schema\/person\/bc0e069fef56b38e177db6f098ae0b6e"},"image":{"@id":"https:\/\/tabernaculoprensadedios.com\/web\/judios-y-evangelicos-se-acercan-a-los-lideres-arabes-del-golfo-suni\/#primaryimage"},"thumbnailUrl":"https:\/\/tabernaculoprensadedios.com\/web\/wp-content\/uploads\/2019\/02\/Jud\u00edos-y-evang\u00e9licos-se-acercan-a-los-l\u00edderes-\u00e1rabes-del-golfo-sun\u00ed.jpg","articleSection":["Internacionales"],"inLanguage":"es","potentialAction":[{"@type":"CommentAction","name":"Comment","target":["https:\/\/tabernaculoprensadedios.com\/web\/judios-y-evangelicos-se-acercan-a-los-lideres-arabes-del-golfo-suni\/#respond"]}]},{"@type":"WebPage","@id":"https:\/\/tabernaculoprensadedios.com\/web\/judios-y-evangelicos-se-acercan-a-los-lideres-arabes-del-golfo-suni\/","url":"https:\/\/tabernaculoprensadedios.com\/web\/judios-y-evangelicos-se-acercan-a-los-lideres-arabes-del-golfo-suni\/","name":"Jud\u00edos y evang\u00e9licos se acercan a los l\u00edderes \u00e1rabes del golfo sun\u00ed - Tabernaculo Prensa de Dios","isPartOf":{"@id":"https:\/\/tabernaculoprensadedios.com\/web\/#website"},"primaryImageOfPage":{"@id":"https:\/\/tabernaculoprensadedios.com\/web\/judios-y-evangelicos-se-acercan-a-los-lideres-arabes-del-golfo-suni\/#primaryimage"},"image":{"@id":"https:\/\/tabernaculoprensadedios.com\/web\/judios-y-evangelicos-se-acercan-a-los-lideres-arabes-del-golfo-suni\/#primaryimage"},"thumbnailUrl":"https:\/\/tabernaculoprensadedios.com\/web\/wp-content\/uploads\/2019\/02\/Jud\u00edos-y-evang\u00e9licos-se-acercan-a-los-l\u00edderes-\u00e1rabes-del-golfo-sun\u00ed.jpg","datePublished":"2019-02-05T18:51:34+00:00","breadcrumb":{"@id":"https:\/\/tabernaculoprensadedios.com\/web\/judios-y-evangelicos-se-acercan-a-los-lideres-arabes-del-golfo-suni\/#breadcrumb"},"inLanguage":"es","potentialAction":[{"@type":"ReadAction","target":["https:\/\/tabernaculoprensadedios.com\/web\/judios-y-evangelicos-se-acercan-a-los-lideres-arabes-del-golfo-suni\/"]}]},{"@type":"ImageObject","inLanguage":"es","@id":"https:\/\/tabernaculoprensadedios.com\/web\/judios-y-evangelicos-se-acercan-a-los-lideres-arabes-del-golfo-suni\/#primaryimage","url":"https:\/\/tabernaculoprensadedios.com\/web\/wp-content\/uploads\/2019\/02\/Jud\u00edos-y-evang\u00e9licos-se-acercan-a-los-l\u00edderes-\u00e1rabes-del-golfo-sun\u00ed.jpg","contentUrl":"https:\/\/tabernaculoprensadedios.com\/web\/wp-content\/uploads\/2019\/02\/Jud\u00edos-y-evang\u00e9licos-se-acercan-a-los-l\u00edderes-\u00e1rabes-del-golfo-sun\u00ed.jpg","width":"1000","height":"563"},{"@type":"BreadcrumbList","@id":"https:\/\/tabernaculoprensadedios.com\/web\/judios-y-evangelicos-se-acercan-a-los-lideres-arabes-del-golfo-suni\/#breadcrumb","itemListElement":[{"@type":"ListItem","position":1,"name":"Portada","item":"https:\/\/tabernaculoprensadedios.com\/web\/"},{"@type":"ListItem","position":2,"name":"Jud\u00edos y evang\u00e9licos se acercan a los l\u00edderes \u00e1rabes del golfo sun\u00ed"}]},{"@type":"WebSite","@id":"https:\/\/tabernaculoprensadedios.com\/web\/#website","url":"https:\/\/tabernaculoprensadedios.com\/web\/","name":"Tabernaculo Prensa de Dios","description":"Un medio a la manera de Dios","publisher":{"@id":"https:\/\/tabernaculoprensadedios.com\/web\/#\/schema\/person\/bc0e069fef56b38e177db6f098ae0b6e"},"potentialAction":[{"@type":"SearchAction","target":{"@type":"EntryPoint","urlTemplate":"https:\/\/tabernaculoprensadedios.com\/web\/?s={search_term_string}"},"query-input":{"@type":"PropertyValueSpecification","valueRequired":true,"valueName":"search_term_string"}}],"inLanguage":"es"},{"@type":["Person","Organization"],"@id":"https:\/\/tabernaculoprensadedios.com\/web\/#\/schema\/person\/bc0e069fef56b38e177db6f098ae0b6e","name":"tabernaculo","image":{"@type":"ImageObject","inLanguage":"es","@id":"https:\/\/tabernaculoprensadedios.com\/web\/#\/schema\/person\/image\/","url":"https:\/\/tabernaculoprensadedios.com\/web\/wp-content\/uploads\/2015\/06\/login-logo1.png","contentUrl":"https:\/\/tabernaculoprensadedios.com\/web\/wp-content\/uploads\/2015\/06\/login-logo1.png","width":300,"height":118,"caption":"tabernaculo"},"logo":{"@id":"https:\/\/tabernaculoprensadedios.com\/web\/#\/schema\/person\/image\/"},"url":"https:\/\/tabernaculoprensadedios.com\/web\/author\/tabernaculo\/"}]}},"_links":{"self":[{"href":"https:\/\/tabernaculoprensadedios.com\/web\/wp-json\/wp\/v2\/posts\/11983","targetHints":{"allow":["GET"]}}],"collection":[{"href":"https:\/\/tabernaculoprensadedios.com\/web\/wp-json\/wp\/v2\/posts"}],"about":[{"href":"https:\/\/tabernaculoprensadedios.com\/web\/wp-json\/wp\/v2\/types\/post"}],"author":[{"embeddable":true,"href":"https:\/\/tabernaculoprensadedios.com\/web\/wp-json\/wp\/v2\/users\/1"}],"replies":[{"embeddable":true,"href":"https:\/\/tabernaculoprensadedios.com\/web\/wp-json\/wp\/v2\/comments?post=11983"}],"version-history":[{"count":1,"href":"https:\/\/tabernaculoprensadedios.com\/web\/wp-json\/wp\/v2\/posts\/11983\/revisions"}],"predecessor-version":[{"id":11985,"href":"https:\/\/tabernaculoprensadedios.com\/web\/wp-json\/wp\/v2\/posts\/11983\/revisions\/11985"}],"wp:featuredmedia":[{"embeddable":true,"href":"https:\/\/tabernaculoprensadedios.com\/web\/wp-json\/wp\/v2\/media\/11984"}],"wp:attachment":[{"href":"https:\/\/tabernaculoprensadedios.com\/web\/wp-json\/wp\/v2\/media?parent=11983"}],"wp:term":[{"taxonomy":"category","embeddable":true,"href":"https:\/\/tabernaculoprensadedios.com\/web\/wp-json\/wp\/v2\/categories?post=11983"},{"taxonomy":"post_tag","embeddable":true,"href":"https:\/\/tabernaculoprensadedios.com\/web\/wp-json\/wp\/v2\/tags?post=11983"}],"curies":[{"name":"wp","href":"https:\/\/api.w.org\/{rel}","templated":true}]}}