{"id":11980,"date":"2019-02-05T18:48:04","date_gmt":"2019-02-05T18:48:04","guid":{"rendered":"http:\/\/tabernaculoprensadedios.com\/web\/?p=11980"},"modified":"2019-02-05T18:48:04","modified_gmt":"2019-02-05T18:48:04","slug":"florida-reconoce-a-jerusalen-como-capital-eterna-de-israel","status":"publish","type":"post","link":"https:\/\/tabernaculoprensadedios.com\/web\/florida-reconoce-a-jerusalen-como-capital-eterna-de-israel\/","title":{"rendered":"Florida reconoce a Jerusal\u00e9n como capital \u201ceterna\u201d de Israel"},"content":{"rendered":"<p>Se sigue alargando la lista de naciones y estados que reconocen a Jerusal\u00e9n como capital de Israel, pues se ha sumado Florida y su director financiero, Jimmy Patronis, el cual ha llamado a Jerusal\u00e9n \u201ccapital eterna e indivisible\u201d de Tierra Santa.<\/p>\n<p>Con esta decisi\u00f3n, el estado de Florida ha quedado un pelda\u00f1o m\u00e1s arriba que el gobierno del presidente Trump al hacer este reconocimiento de Jerusal\u00e9n \u201cexclusiva para los jud\u00edos\u201d; pero no se ha aclarado a\u00fan si el capital que se recibir\u00e1 ser\u00e1 s\u00f3lo para los jud\u00edos.<\/p>\n<p>El 29 de Enero se di\u00f3 a conocer esta decisi\u00f3n, mediante declaraciones de Patronis, quien represent\u00f3 a Ron DeSantis, el gobernador que apoy\u00f3 a Trump para trasladar la embajada de Tel Aviv a Jerusal\u00e9m, haci\u00e9ndolo p\u00fablico expres\u00f3: \u201cNosotros dejamos claro que estamos con nuestro aliado m\u00e1s cercano en Oriente Medio\u201d.<\/p>\n<p>\u201cComo un estado, debemos continuar demostrando nuestro amplio y profundo apoyo a nuestro aliado y socio econ\u00f3mico, implementando pol\u00edticas pro-Israel. Hoy declaramos al mundo que la Florida est\u00e1 unida a Israel\u201d, dijo Jimmy.<\/p>\n<p>Florida con esta decisi\u00f3n hace una especie de contraste con las Naciones Unidas y a nivel internacional tambi\u00e9n, pues no se ha determinado como tal el establecimiento de esta capital pues se est\u00e1 dejando a una decisi\u00f3n que deber\u00eda tomar un futuro estado palestino.<\/p>\n<p>Este estado se ha declarado como el m\u00e1s Pro-Israel, \u201cEl estado de Florida ha sido un fuerte defensor de la naci\u00f3n jud\u00eda. Vemos un sentido mucho m\u00e1s profundo de amistad verdadera que define la actual relaci\u00f3n Florida-Israel \u201c, explic\u00f3 Guy Gilady, viceconsul de Israel en Florida.<\/p>\n<p>\u201cBajo su liderazgo, vemos un profundo entendimiento sobre los valores que nuestras naciones comparten, los valores de la esperanza, la democracia y la libertad y la libre iniciativa\u201d, dijo Gilady del gobernador DeSantis.<\/p>\n<p>Esta estrecha relaci\u00f3n viene de una fuerte asociaci\u00f3n econ\u00f3mica, pues Florida es el 13\u00ba socio mayor de Tierra Santa; actualmente 621.460 jud\u00edos viven en ese estado, el cual se traduce en 3.2% de la poblaci\u00f3n del estado. Fuente: bibliatodo<\/p>\n","protected":false},"excerpt":{"rendered":"<p>Se sigue alargando la lista de naciones y estados que reconocen a Jerusal\u00e9n como capital de Israel, pues se ha sumado Florida y su director financiero, Jimmy Patronis, el cual ha llamado a Jerusal\u00e9n \u201ccapital eterna e indivisible\u201d de Tierra Santa. Con esta decisi\u00f3n, el estado de Florida ha quedado un pelda\u00f1o m\u00e1s arriba que &hellip;<\/p>\n","protected":false},"author":1,"featured_media":11981,"comment_status":"open","ping_status":"open","sticky":false,"template":"","format":"standard","meta":{"footnotes":""},"categories":[24],"tags":[],"class_list":["post-11980","post","type-post","status-publish","format-standard","has-post-thumbnail","hentry","category-internacional"],"yoast_head":"<!-- This site is optimized with the Yoast SEO Premium plugin v24.2 (Yoast SEO v27.1.1) - https:\/\/yoast.com\/product\/yoast-seo-premium-wordpress\/ -->\n<title>Florida reconoce a Jerusal\u00e9n como capital \u201ceterna\u201d de Israel - Tabernaculo Prensa de Dios<\/title>\n<meta name=\"robots\" content=\"index, follow, max-snippet:-1, max-image-preview:large, max-video-preview:-1\" \/>\n<link rel=\"canonical\" href=\"https:\/\/tabernaculoprensadedios.com\/web\/florida-reconoce-a-jerusalen-como-capital-eterna-de-israel\/\" class=\"yoast-seo-meta-tag\" \/>\n<meta property=\"og:locale\" content=\"es_ES\" class=\"yoast-seo-meta-tag\" \/>\n<meta property=\"og:type\" content=\"article\" class=\"yoast-seo-meta-tag\" \/>\n<meta property=\"og:title\" content=\"Florida reconoce a Jerusal\u00e9n como capital \u201ceterna\u201d de Israel\" class=\"yoast-seo-meta-tag\" \/>\n<meta property=\"og:description\" content=\"Se sigue alargando la lista de naciones y estados que reconocen a Jerusal\u00e9n como capital de Israel, pues se ha sumado Florida y su director financiero, Jimmy Patronis, el cual ha llamado a Jerusal\u00e9n \u201ccapital eterna e indivisible\u201d de Tierra Santa. Con esta decisi\u00f3n, el estado de Florida ha quedado un pelda\u00f1o m\u00e1s arriba que &hellip;\" class=\"yoast-seo-meta-tag\" \/>\n<meta property=\"og:url\" content=\"https:\/\/tabernaculoprensadedios.com\/web\/florida-reconoce-a-jerusalen-como-capital-eterna-de-israel\/\" class=\"yoast-seo-meta-tag\" \/>\n<meta property=\"og:site_name\" content=\"Tabernaculo Prensa de Dios\" class=\"yoast-seo-meta-tag\" \/>\n<meta property=\"article:published_time\" content=\"2019-02-05T18:48:04+00:00\" class=\"yoast-seo-meta-tag\" \/>\n<meta property=\"og:image\" content=\"https:\/\/tabernaculoprensadedios.com\/web\/wp-content\/uploads\/2019\/02\/ciudades.jpg\" class=\"yoast-seo-meta-tag\" \/>\n\t<meta property=\"og:image:width\" content=\"750\" class=\"yoast-seo-meta-tag\" \/>\n\t<meta property=\"og:image:height\" content=\"394\" class=\"yoast-seo-meta-tag\" \/>\n\t<meta property=\"og:image:type\" content=\"image\/jpeg\" class=\"yoast-seo-meta-tag\" \/>\n<meta name=\"author\" content=\"tabernaculo\" class=\"yoast-seo-meta-tag\" \/>\n<meta name=\"twitter:card\" content=\"summary_large_image\" class=\"yoast-seo-meta-tag\" \/>\n<meta name=\"twitter:creator\" content=\"@PrensadeDios\" class=\"yoast-seo-meta-tag\" \/>\n<meta name=\"twitter:site\" content=\"@PrensadeDios\" class=\"yoast-seo-meta-tag\" \/>\n<meta name=\"twitter:label1\" content=\"Escrito por\" class=\"yoast-seo-meta-tag\" \/>\n\t<meta name=\"twitter:data1\" content=\"tabernaculo\" class=\"yoast-seo-meta-tag\" \/>\n\t<meta name=\"twitter:label2\" content=\"Tiempo de lectura\" class=\"yoast-seo-meta-tag\" \/>\n\t<meta name=\"twitter:data2\" content=\"2 minutos\" class=\"yoast-seo-meta-tag\" \/>\n<script type=\"application\/ld+json\" class=\"yoast-schema-graph\">{\"@context\":\"https:\/\/schema.org\",\"@graph\":[{\"@type\":\"Article\",\"@id\":\"https:\/\/tabernaculoprensadedios.com\/web\/florida-reconoce-a-jerusalen-como-capital-eterna-de-israel\/#article\",\"isPartOf\":{\"@id\":\"https:\/\/tabernaculoprensadedios.com\/web\/florida-reconoce-a-jerusalen-como-capital-eterna-de-israel\/\"},\"author\":{\"name\":\"tabernaculo\",\"@id\":\"https:\/\/tabernaculoprensadedios.com\/web\/#\/schema\/person\/bc0e069fef56b38e177db6f098ae0b6e\"},\"headline\":\"Florida reconoce a Jerusal\u00e9n como capital \u201ceterna\u201d de Israel\",\"datePublished\":\"2019-02-05T18:48:04+00:00\",\"mainEntityOfPage\":{\"@id\":\"https:\/\/tabernaculoprensadedios.com\/web\/florida-reconoce-a-jerusalen-como-capital-eterna-de-israel\/\"},\"wordCount\":368,\"commentCount\":0,\"publisher\":{\"@id\":\"https:\/\/tabernaculoprensadedios.com\/web\/#\/schema\/person\/bc0e069fef56b38e177db6f098ae0b6e\"},\"image\":{\"@id\":\"https:\/\/tabernaculoprensadedios.com\/web\/florida-reconoce-a-jerusalen-como-capital-eterna-de-israel\/#primaryimage\"},\"thumbnailUrl\":\"https:\/\/tabernaculoprensadedios.com\/web\/wp-content\/uploads\/2019\/02\/ciudades.jpg\",\"articleSection\":[\"Internacionales\"],\"inLanguage\":\"es\",\"potentialAction\":[{\"@type\":\"CommentAction\",\"name\":\"Comment\",\"target\":[\"https:\/\/tabernaculoprensadedios.com\/web\/florida-reconoce-a-jerusalen-como-capital-eterna-de-israel\/#respond\"]}]},{\"@type\":\"WebPage\",\"@id\":\"https:\/\/tabernaculoprensadedios.com\/web\/florida-reconoce-a-jerusalen-como-capital-eterna-de-israel\/\",\"url\":\"https:\/\/tabernaculoprensadedios.com\/web\/florida-reconoce-a-jerusalen-como-capital-eterna-de-israel\/\",\"name\":\"Florida reconoce a Jerusal\u00e9n como capital \u201ceterna\u201d de Israel - Tabernaculo Prensa de Dios\",\"isPartOf\":{\"@id\":\"https:\/\/tabernaculoprensadedios.com\/web\/#website\"},\"primaryImageOfPage\":{\"@id\":\"https:\/\/tabernaculoprensadedios.com\/web\/florida-reconoce-a-jerusalen-como-capital-eterna-de-israel\/#primaryimage\"},\"image\":{\"@id\":\"https:\/\/tabernaculoprensadedios.com\/web\/florida-reconoce-a-jerusalen-como-capital-eterna-de-israel\/#primaryimage\"},\"thumbnailUrl\":\"https:\/\/tabernaculoprensadedios.com\/web\/wp-content\/uploads\/2019\/02\/ciudades.jpg\",\"datePublished\":\"2019-02-05T18:48:04+00:00\",\"breadcrumb\":{\"@id\":\"https:\/\/tabernaculoprensadedios.com\/web\/florida-reconoce-a-jerusalen-como-capital-eterna-de-israel\/#breadcrumb\"},\"inLanguage\":\"es\",\"potentialAction\":[{\"@type\":\"ReadAction\",\"target\":[\"https:\/\/tabernaculoprensadedios.com\/web\/florida-reconoce-a-jerusalen-como-capital-eterna-de-israel\/\"]}]},{\"@type\":\"ImageObject\",\"inLanguage\":\"es\",\"@id\":\"https:\/\/tabernaculoprensadedios.com\/web\/florida-reconoce-a-jerusalen-como-capital-eterna-de-israel\/#primaryimage\",\"url\":\"https:\/\/tabernaculoprensadedios.com\/web\/wp-content\/uploads\/2019\/02\/ciudades.jpg\",\"contentUrl\":\"https:\/\/tabernaculoprensadedios.com\/web\/wp-content\/uploads\/2019\/02\/ciudades.jpg\",\"width\":750,\"height\":394},{\"@type\":\"BreadcrumbList\",\"@id\":\"https:\/\/tabernaculoprensadedios.com\/web\/florida-reconoce-a-jerusalen-como-capital-eterna-de-israel\/#breadcrumb\",\"itemListElement\":[{\"@type\":\"ListItem\",\"position\":1,\"name\":\"Portada\",\"item\":\"https:\/\/tabernaculoprensadedios.com\/web\/\"},{\"@type\":\"ListItem\",\"position\":2,\"name\":\"Florida reconoce a Jerusal\u00e9n como capital \u201ceterna\u201d de Israel\"}]},{\"@type\":\"WebSite\",\"@id\":\"https:\/\/tabernaculoprensadedios.com\/web\/#website\",\"url\":\"https:\/\/tabernaculoprensadedios.com\/web\/\",\"name\":\"Tabernaculo Prensa de Dios\",\"description\":\"Un medio a la manera de Dios\",\"publisher\":{\"@id\":\"https:\/\/tabernaculoprensadedios.com\/web\/#\/schema\/person\/bc0e069fef56b38e177db6f098ae0b6e\"},\"potentialAction\":[{\"@type\":\"SearchAction\",\"target\":{\"@type\":\"EntryPoint\",\"urlTemplate\":\"https:\/\/tabernaculoprensadedios.com\/web\/?s={search_term_string}\"},\"query-input\":{\"@type\":\"PropertyValueSpecification\",\"valueRequired\":true,\"valueName\":\"search_term_string\"}}],\"inLanguage\":\"es\"},{\"@type\":[\"Person\",\"Organization\"],\"@id\":\"https:\/\/tabernaculoprensadedios.com\/web\/#\/schema\/person\/bc0e069fef56b38e177db6f098ae0b6e\",\"name\":\"tabernaculo\",\"image\":{\"@type\":\"ImageObject\",\"inLanguage\":\"es\",\"@id\":\"https:\/\/tabernaculoprensadedios.com\/web\/#\/schema\/person\/image\/\",\"url\":\"https:\/\/tabernaculoprensadedios.com\/web\/wp-content\/uploads\/2015\/06\/login-logo1.png\",\"contentUrl\":\"https:\/\/tabernaculoprensadedios.com\/web\/wp-content\/uploads\/2015\/06\/login-logo1.png\",\"width\":300,\"height\":118,\"caption\":\"tabernaculo\"},\"logo\":{\"@id\":\"https:\/\/tabernaculoprensadedios.com\/web\/#\/schema\/person\/image\/\"},\"url\":\"https:\/\/tabernaculoprensadedios.com\/web\/author\/tabernaculo\/\"}]}<\/script>\n<!-- \/ Yoast SEO Premium plugin. -->","yoast_head_json":{"title":"Florida reconoce a Jerusal\u00e9n como capital \u201ceterna\u201d de Israel - Tabernaculo Prensa de Dios","robots":{"index":"index","follow":"follow","max-snippet":"max-snippet:-1","max-image-preview":"max-image-preview:large","max-video-preview":"max-video-preview:-1"},"canonical":"https:\/\/tabernaculoprensadedios.com\/web\/florida-reconoce-a-jerusalen-como-capital-eterna-de-israel\/","og_locale":"es_ES","og_type":"article","og_title":"Florida reconoce a Jerusal\u00e9n como capital \u201ceterna\u201d de Israel","og_description":"Se sigue alargando la lista de naciones y estados que reconocen a Jerusal\u00e9n como capital de Israel, pues se ha sumado Florida y su director financiero, Jimmy Patronis, el cual ha llamado a Jerusal\u00e9n \u201ccapital eterna e indivisible\u201d de Tierra Santa. Con esta decisi\u00f3n, el estado de Florida ha quedado un pelda\u00f1o m\u00e1s arriba que &hellip;","og_url":"https:\/\/tabernaculoprensadedios.com\/web\/florida-reconoce-a-jerusalen-como-capital-eterna-de-israel\/","og_site_name":"Tabernaculo Prensa de Dios","article_published_time":"2019-02-05T18:48:04+00:00","og_image":[{"width":750,"height":394,"url":"https:\/\/tabernaculoprensadedios.com\/web\/wp-content\/uploads\/2019\/02\/ciudades.jpg","type":"image\/jpeg"}],"author":"tabernaculo","twitter_card":"summary_large_image","twitter_creator":"@PrensadeDios","twitter_site":"@PrensadeDios","twitter_misc":{"Escrito por":"tabernaculo","Tiempo de lectura":"2 minutos"},"schema":{"@context":"https:\/\/schema.org","@graph":[{"@type":"Article","@id":"https:\/\/tabernaculoprensadedios.com\/web\/florida-reconoce-a-jerusalen-como-capital-eterna-de-israel\/#article","isPartOf":{"@id":"https:\/\/tabernaculoprensadedios.com\/web\/florida-reconoce-a-jerusalen-como-capital-eterna-de-israel\/"},"author":{"name":"tabernaculo","@id":"https:\/\/tabernaculoprensadedios.com\/web\/#\/schema\/person\/bc0e069fef56b38e177db6f098ae0b6e"},"headline":"Florida reconoce a Jerusal\u00e9n como capital \u201ceterna\u201d de Israel","datePublished":"2019-02-05T18:48:04+00:00","mainEntityOfPage":{"@id":"https:\/\/tabernaculoprensadedios.com\/web\/florida-reconoce-a-jerusalen-como-capital-eterna-de-israel\/"},"wordCount":368,"commentCount":0,"publisher":{"@id":"https:\/\/tabernaculoprensadedios.com\/web\/#\/schema\/person\/bc0e069fef56b38e177db6f098ae0b6e"},"image":{"@id":"https:\/\/tabernaculoprensadedios.com\/web\/florida-reconoce-a-jerusalen-como-capital-eterna-de-israel\/#primaryimage"},"thumbnailUrl":"https:\/\/tabernaculoprensadedios.com\/web\/wp-content\/uploads\/2019\/02\/ciudades.jpg","articleSection":["Internacionales"],"inLanguage":"es","potentialAction":[{"@type":"CommentAction","name":"Comment","target":["https:\/\/tabernaculoprensadedios.com\/web\/florida-reconoce-a-jerusalen-como-capital-eterna-de-israel\/#respond"]}]},{"@type":"WebPage","@id":"https:\/\/tabernaculoprensadedios.com\/web\/florida-reconoce-a-jerusalen-como-capital-eterna-de-israel\/","url":"https:\/\/tabernaculoprensadedios.com\/web\/florida-reconoce-a-jerusalen-como-capital-eterna-de-israel\/","name":"Florida reconoce a Jerusal\u00e9n como capital \u201ceterna\u201d de Israel - Tabernaculo Prensa de Dios","isPartOf":{"@id":"https:\/\/tabernaculoprensadedios.com\/web\/#website"},"primaryImageOfPage":{"@id":"https:\/\/tabernaculoprensadedios.com\/web\/florida-reconoce-a-jerusalen-como-capital-eterna-de-israel\/#primaryimage"},"image":{"@id":"https:\/\/tabernaculoprensadedios.com\/web\/florida-reconoce-a-jerusalen-como-capital-eterna-de-israel\/#primaryimage"},"thumbnailUrl":"https:\/\/tabernaculoprensadedios.com\/web\/wp-content\/uploads\/2019\/02\/ciudades.jpg","datePublished":"2019-02-05T18:48:04+00:00","breadcrumb":{"@id":"https:\/\/tabernaculoprensadedios.com\/web\/florida-reconoce-a-jerusalen-como-capital-eterna-de-israel\/#breadcrumb"},"inLanguage":"es","potentialAction":[{"@type":"ReadAction","target":["https:\/\/tabernaculoprensadedios.com\/web\/florida-reconoce-a-jerusalen-como-capital-eterna-de-israel\/"]}]},{"@type":"ImageObject","inLanguage":"es","@id":"https:\/\/tabernaculoprensadedios.com\/web\/florida-reconoce-a-jerusalen-como-capital-eterna-de-israel\/#primaryimage","url":"https:\/\/tabernaculoprensadedios.com\/web\/wp-content\/uploads\/2019\/02\/ciudades.jpg","contentUrl":"https:\/\/tabernaculoprensadedios.com\/web\/wp-content\/uploads\/2019\/02\/ciudades.jpg","width":750,"height":394},{"@type":"BreadcrumbList","@id":"https:\/\/tabernaculoprensadedios.com\/web\/florida-reconoce-a-jerusalen-como-capital-eterna-de-israel\/#breadcrumb","itemListElement":[{"@type":"ListItem","position":1,"name":"Portada","item":"https:\/\/tabernaculoprensadedios.com\/web\/"},{"@type":"ListItem","position":2,"name":"Florida reconoce a Jerusal\u00e9n como capital \u201ceterna\u201d de Israel"}]},{"@type":"WebSite","@id":"https:\/\/tabernaculoprensadedios.com\/web\/#website","url":"https:\/\/tabernaculoprensadedios.com\/web\/","name":"Tabernaculo Prensa de Dios","description":"Un medio a la manera de Dios","publisher":{"@id":"https:\/\/tabernaculoprensadedios.com\/web\/#\/schema\/person\/bc0e069fef56b38e177db6f098ae0b6e"},"potentialAction":[{"@type":"SearchAction","target":{"@type":"EntryPoint","urlTemplate":"https:\/\/tabernaculoprensadedios.com\/web\/?s={search_term_string}"},"query-input":{"@type":"PropertyValueSpecification","valueRequired":true,"valueName":"search_term_string"}}],"inLanguage":"es"},{"@type":["Person","Organization"],"@id":"https:\/\/tabernaculoprensadedios.com\/web\/#\/schema\/person\/bc0e069fef56b38e177db6f098ae0b6e","name":"tabernaculo","image":{"@type":"ImageObject","inLanguage":"es","@id":"https:\/\/tabernaculoprensadedios.com\/web\/#\/schema\/person\/image\/","url":"https:\/\/tabernaculoprensadedios.com\/web\/wp-content\/uploads\/2015\/06\/login-logo1.png","contentUrl":"https:\/\/tabernaculoprensadedios.com\/web\/wp-content\/uploads\/2015\/06\/login-logo1.png","width":300,"height":118,"caption":"tabernaculo"},"logo":{"@id":"https:\/\/tabernaculoprensadedios.com\/web\/#\/schema\/person\/image\/"},"url":"https:\/\/tabernaculoprensadedios.com\/web\/author\/tabernaculo\/"}]}},"_links":{"self":[{"href":"https:\/\/tabernaculoprensadedios.com\/web\/wp-json\/wp\/v2\/posts\/11980","targetHints":{"allow":["GET"]}}],"collection":[{"href":"https:\/\/tabernaculoprensadedios.com\/web\/wp-json\/wp\/v2\/posts"}],"about":[{"href":"https:\/\/tabernaculoprensadedios.com\/web\/wp-json\/wp\/v2\/types\/post"}],"author":[{"embeddable":true,"href":"https:\/\/tabernaculoprensadedios.com\/web\/wp-json\/wp\/v2\/users\/1"}],"replies":[{"embeddable":true,"href":"https:\/\/tabernaculoprensadedios.com\/web\/wp-json\/wp\/v2\/comments?post=11980"}],"version-history":[{"count":1,"href":"https:\/\/tabernaculoprensadedios.com\/web\/wp-json\/wp\/v2\/posts\/11980\/revisions"}],"predecessor-version":[{"id":11982,"href":"https:\/\/tabernaculoprensadedios.com\/web\/wp-json\/wp\/v2\/posts\/11980\/revisions\/11982"}],"wp:featuredmedia":[{"embeddable":true,"href":"https:\/\/tabernaculoprensadedios.com\/web\/wp-json\/wp\/v2\/media\/11981"}],"wp:attachment":[{"href":"https:\/\/tabernaculoprensadedios.com\/web\/wp-json\/wp\/v2\/media?parent=11980"}],"wp:term":[{"taxonomy":"category","embeddable":true,"href":"https:\/\/tabernaculoprensadedios.com\/web\/wp-json\/wp\/v2\/categories?post=11980"},{"taxonomy":"post_tag","embeddable":true,"href":"https:\/\/tabernaculoprensadedios.com\/web\/wp-json\/wp\/v2\/tags?post=11980"}],"curies":[{"name":"wp","href":"https:\/\/api.w.org\/{rel}","templated":true}]}}