{"id":10784,"date":"2018-11-17T00:11:46","date_gmt":"2018-11-17T00:11:46","guid":{"rendered":"http:\/\/tabernaculoprensadedios.com\/web\/?p=10784"},"modified":"2018-11-17T02:12:52","modified_gmt":"2018-11-17T02:12:52","slug":"pastor-tomas-gomez-insta-a-evocar-la-navidad-y-conocer-su-verdadera-razon","status":"publish","type":"post","link":"https:\/\/tabernaculoprensadedios.com\/web\/pastor-tomas-gomez-insta-a-evocar-la-navidad-y-conocer-su-verdadera-razon\/","title":{"rendered":"Pastor Tom\u00e1s G\u00f3mez insta a evocar la Navidad y conocer su verdadera raz\u00f3n"},"content":{"rendered":"<p>No todos los seguidores de Cristo han comprendido la trascendencia de su advenimiento. Para muchos, m\u00e1s que a restaurar todas las cosas, el Se\u00f1or ha venido a fundar una religi\u00f3n y a competir con otros \u201ciluminados\u201d en el terreno de las creencias, seg\u00fan el Pastor Tom\u00e1s G\u00f3mez Bueno.<\/p>\n<p>A su juicio, el cristianismo a lo largo de su existencia ha funcionado en parte como una simple religi\u00f3n; es decir, como la articulaci\u00f3n de un conjunto de normas y ordenanzas b\u00edblicas y no b\u00edblicas, configuradas con la expresa intenci\u00f3n de excluir y anatemizar, calificando de paganas todas las pr\u00e1cticas y formas que no coincidan con el ritual oficializado.<\/p>\n<p>Se\u00f1ala que desde esta visi\u00f3n religiosa se ha pretendido trazar una l\u00ednea divisoria entre lo que es pagano y lo que es cristiano. La universalidad de Cristo, que trasciende todas las religiones y culturas, es fragmentada por una visi\u00f3n sectaria y limitante.<\/p>\n<p>G\u00f3mez Bueno dijo que el Se\u00f1or Jes\u00fas no vino a fundar una religi\u00f3n, ni siquiera a confirmar al juda\u00edsmo, sino a trascender fronteras culturales, econ\u00f3micas, raciales y pol\u00edticas, ya que su mensaje alcanza a todos los hombres. \u201cAunque su advenimiento se produce en el marco de una cultura, pues vino como hombre, su misi\u00f3n tiene un car\u00e1cter escatol\u00f3gico, es decir, su encarnaci\u00f3n es la intervenci\u00f3n directa de Dios en la historia, lo que indudablemente deber\u00e1 tener notoriedad universal de alguna forma\u201d, dice.<\/p>\n<p>Entiende que el nacimiento de Jes\u00fas no fue un hecho com\u00fan y corriente, como tampoco puede serlo la Navidad, porque esta no es otra cosa que la celebraci\u00f3n de su advenimiento. \u201cAunque Jes\u00fas naci\u00f3 en la m\u00e1s humilde condici\u00f3n, en torno a \u00c9l se dan hechos que testifican de su universalidad, su grandeza y deidad\u201d. Voces de j\u00fabilo y gloria irrumpieron en el cielo, y en la tierra se proclam\u00f3 paz y buena voluntad para con los hombres. Al lugar llegaron los Magos de Oriente guiados por la Estrella para rendir tributo y saludar con benepl\u00e1cito el nacimiento de Jes\u00fas. (<strong>Mateo 2:1-12).<\/strong><\/p>\n<p>Al referirse a las celebraci\u00f3n de las festividades navide\u00f1as, el pastor Tom\u00e1s Bueno, dijo que el conocimiento m\u00e1s avanzado de la \u00e9poca inclin\u00f3 sus laureles para honrar al ni\u00f1o, tras indicar que el gesto de estos magos viene a sugerir que Jes\u00fas tiene se\u00f1or\u00edo sobre todo conocimiento, cultura o religi\u00f3n. \u00c9l era el misterio de Dios que hab\u00eda estado oculto por las edades y que fue revelado como la esperanza de gloria. (<strong>Col.1:26-27).<\/strong><\/p>\n<p>\u201cEl nacimiento de Jes\u00fas no fue un acto religioso en s\u00ed mismo. Este no fue anunciado en el templo, no se quem\u00f3 incienso en los altares ni se celebraron ceremonias oficiales para la ocasi\u00f3n. Quienes m\u00e1s cerca estuvieron de \u00c9l fueron los Magos. Ellos no pertenec\u00edan ni a la religi\u00f3n ni a la cultura jud\u00eda. Hoy dir\u00edamos que se trataba de gentes paganas, lo que evidencia que el Se\u00f1or es tambi\u00e9n Se\u00f1or de los paganos, de lo sagrado y de lo secular\u201d, record\u00f3.<\/p>\n<p>Entiende el pastor que por desconocer esta dimensi\u00f3n de Cristo, es que el arbolito de Navidad, elemento decorativo alusivo al Nacimiento, est\u00e1 siendo talado por algunos cristianos que buscan lograr su extinci\u00f3n definitiva bajo el alegato de que es de origen pagano.<\/p>\n<p>Dijo que el concepto de pagano no puede ser aplicado a todos aquellos elementos que no surgieron dentro de la cultura jud\u00eda y que solo es aplicable a aquellas manifestaciones culturales, cuya esencia ri\u00f1e con lo que Dios establece en su Palabra.<\/p>\n<p>Paganas son las pr\u00e1cticas que en esencia y principio se oponen a lo que Dios establece, entre ellas la idolatr\u00eda, los sacrificios humanos, la promiscuidad sexual, la hechicer\u00eda y otras. Pero para el pastor todas las culturas poseen elementos redimibles que pueden utilizarse para honra y gloria de Dios.<\/p>\n<p>\u201cPara m\u00ed significa mucho que estas fiestas navide\u00f1as tengan el colorido que tienen. Que las casas se pinten con nuevos colores y se decoren con arbolitos y campanas, que las calles se iluminen con luces multicolores, que se canten villancicos por los campos y ciudades; en fin, que la fiesta al m\u00e1s Grande sea la m\u00e1s grande\u201d.<\/p>\n<p>Pero lo que el pastor Tom\u00e1s Bueno no entiende es por qu\u00e9 muchos cristianos est\u00e1n empe\u00f1ados en despojar a la Navidad de los s\u00edmbolos que evocan su contenido. \u201cMe da la impresi\u00f3n de que si muchos cristianos pudieran suspender la celebraci\u00f3n de estas fiestas lo har\u00edan sin mayor vacilaci\u00f3n. Creo que nuestra posici\u00f3n no es oponernos a la Navidad, sino llenarla de sentido, es reorientarla y enfatizar en actitud festiva su verdadera sustancia y raz\u00f3n\u201d, dice.<\/p>\n<p>Dijo que algunos cristianos suspiran por un Cristo fuera de la cultura, un Cristo religioso y sectario, excluido de todo ruido y algarab\u00eda mundana y que desean un Cristo sin fama y sin fiesta.<\/p>\n<p>Para \u00e9l hay gente que podr\u00eda llegar al extremo de creer necesario recolectar una ofrenda en la iglesia para en esta fecha publicar un cuarto de p\u00e1gina en los peri\u00f3dicos con una nota que diga: \u201cEste es el m\u00e1s excelso de todos los hombres, por favor recon\u00f3zcanle y r\u00edndanle homenaje en esta su fecha natalicia\u201d.<\/p>\n<p>Tom\u00e1s Bueno indic\u00f3 que por fortuna y para gozo y satisfacci\u00f3n de muchos cristianos, Jes\u00fas es el hombre m\u00e1s conocido de la tierra, el m\u00e1s celebrado y adorado, el m\u00e1s influyente y quiz\u00e1s tambi\u00e9n el m\u00e1s detractado y ofendido. \u201cLos cristianos estamos llamados a proclamar su obra y prop\u00f3sito, a sustanciar con su amor y esp\u00edritu todas las esferas, no a \u201cdefenderlo\u201d de las expresiones culturales que reconocen su grandeza, como es el caso del hoy anatemizado arbolito de Navidad, un s\u00edmbolo de la naturaleza y de la vida, que una cultura ha puesto a los pies de Cristo para reconocerle y que todo Occidente ha asimilado como un icono que celebra su nacimiento.<\/p>\n<p>El arbolito, decorativo y festivo, que por tantos a\u00f1os y con tanta ternura nos ha hecho evocar el nacimiento de Jes\u00fas, ha resultado ser el trascendental hallazgo de los nuevos \u201carque\u00f3logos\u201d del evangelio que han descubierto que hace trescientos a\u00f1os tuvo su origen en los cultos paganos de Alemania, indic\u00f3.<\/p>\n<p>Estos hermanos no han logrado descubrir que el oro, el incienso y la mirra que llevaron los magos al pesebre, y que el evangelista Mateo destaca como un homenaje al Ni\u00f1o Dios, tambi\u00e9n es de origen \u201cpagano\u201d y que quien esculpi\u00f3 las figuras que adornan el templo de Salom\u00f3n se form\u00f3 en las artes escult\u00f3ricas de Tiro, cuyo origen no era jud\u00edo (<strong>I Reyes 7:1).<\/strong><\/p>\n<p>La Biblia dice que cuando Cristo se establezca en la tierra vendr\u00e1n los reyes de todas las latitudes del planeta para honrar con sus diversas expresiones culturales al Rey de Reyes y Se\u00f1or de Se\u00f1ores. (<strong>Isa\u00edas 2:2<\/strong>). No le extra\u00f1ar\u00eda, sostiene que para esa gloriosa ocasi\u00f3n el jefe de Estado de Alemania trae a los pies del Se\u00f1or una carroza portando un luminoso y bien decorado \u00e1rbol de Navidad.<\/p>\n","protected":false},"excerpt":{"rendered":"<p>No todos los seguidores de Cristo han comprendido la trascendencia de su advenimiento. Para muchos, m\u00e1s que a restaurar todas las cosas, el Se\u00f1or ha venido a fundar una religi\u00f3n y a competir con otros \u201ciluminados\u201d en el terreno de las creencias, seg\u00fan el Pastor Tom\u00e1s G\u00f3mez Bueno. A su juicio, el cristianismo a lo &hellip;<\/p>\n","protected":false},"author":1,"featured_media":10220,"comment_status":"open","ping_status":"open","sticky":false,"template":"","format":"standard","meta":{"footnotes":""},"categories":[34],"tags":[],"class_list":["post-10784","post","type-post","status-publish","format-standard","has-post-thumbnail","hentry","category-articulos"],"yoast_head":"<!-- This site is optimized with the Yoast SEO Premium plugin v24.2 (Yoast SEO v27.1.1) - https:\/\/yoast.com\/product\/yoast-seo-premium-wordpress\/ -->\n<title>Pastor Tom\u00e1s G\u00f3mez insta a evocar la Navidad y conocer su verdadera raz\u00f3n - Tabernaculo Prensa de Dios<\/title>\n<meta name=\"robots\" content=\"index, follow, max-snippet:-1, max-image-preview:large, max-video-preview:-1\" \/>\n<link rel=\"canonical\" href=\"https:\/\/tabernaculoprensadedios.com\/web\/pastor-tomas-gomez-insta-a-evocar-la-navidad-y-conocer-su-verdadera-razon\/\" class=\"yoast-seo-meta-tag\" \/>\n<meta property=\"og:locale\" content=\"es_ES\" class=\"yoast-seo-meta-tag\" \/>\n<meta property=\"og:type\" content=\"article\" class=\"yoast-seo-meta-tag\" \/>\n<meta property=\"og:title\" content=\"Pastor Tom\u00e1s G\u00f3mez insta a evocar la Navidad y conocer su verdadera raz\u00f3n\" class=\"yoast-seo-meta-tag\" \/>\n<meta property=\"og:description\" content=\"No todos los seguidores de Cristo han comprendido la trascendencia de su advenimiento. Para muchos, m\u00e1s que a restaurar todas las cosas, el Se\u00f1or ha venido a fundar una religi\u00f3n y a competir con otros \u201ciluminados\u201d en el terreno de las creencias, seg\u00fan el Pastor Tom\u00e1s G\u00f3mez Bueno. A su juicio, el cristianismo a lo &hellip;\" class=\"yoast-seo-meta-tag\" \/>\n<meta property=\"og:url\" content=\"https:\/\/tabernaculoprensadedios.com\/web\/pastor-tomas-gomez-insta-a-evocar-la-navidad-y-conocer-su-verdadera-razon\/\" class=\"yoast-seo-meta-tag\" \/>\n<meta property=\"og:site_name\" content=\"Tabernaculo Prensa de Dios\" class=\"yoast-seo-meta-tag\" \/>\n<meta property=\"article:published_time\" content=\"2018-11-17T00:11:46+00:00\" class=\"yoast-seo-meta-tag\" \/>\n<meta property=\"article:modified_time\" content=\"2018-11-17T02:12:52+00:00\" class=\"yoast-seo-meta-tag\" \/>\n<meta property=\"og:image\" content=\"https:\/\/tabernaculoprensadedios.com\/web\/wp-content\/uploads\/2018\/10\/Tom\u00e1s-G\u00f3mez-Bueno.jpg\" class=\"yoast-seo-meta-tag\" \/>\n\t<meta property=\"og:image:width\" content=\"352\" class=\"yoast-seo-meta-tag\" \/>\n\t<meta property=\"og:image:height\" content=\"352\" class=\"yoast-seo-meta-tag\" \/>\n\t<meta property=\"og:image:type\" content=\"image\/jpeg\" class=\"yoast-seo-meta-tag\" \/>\n<meta name=\"author\" content=\"tabernaculo\" class=\"yoast-seo-meta-tag\" \/>\n<meta name=\"twitter:card\" content=\"summary_large_image\" class=\"yoast-seo-meta-tag\" \/>\n<meta name=\"twitter:creator\" content=\"@PrensadeDios\" class=\"yoast-seo-meta-tag\" \/>\n<meta name=\"twitter:site\" content=\"@PrensadeDios\" class=\"yoast-seo-meta-tag\" \/>\n<meta name=\"twitter:label1\" content=\"Escrito por\" class=\"yoast-seo-meta-tag\" \/>\n\t<meta name=\"twitter:data1\" content=\"tabernaculo\" class=\"yoast-seo-meta-tag\" \/>\n\t<meta name=\"twitter:label2\" content=\"Tiempo de lectura\" class=\"yoast-seo-meta-tag\" \/>\n\t<meta name=\"twitter:data2\" content=\"6 minutos\" class=\"yoast-seo-meta-tag\" \/>\n<script type=\"application\/ld+json\" class=\"yoast-schema-graph\">{\"@context\":\"https:\/\/schema.org\",\"@graph\":[{\"@type\":\"Article\",\"@id\":\"https:\/\/tabernaculoprensadedios.com\/web\/pastor-tomas-gomez-insta-a-evocar-la-navidad-y-conocer-su-verdadera-razon\/#article\",\"isPartOf\":{\"@id\":\"https:\/\/tabernaculoprensadedios.com\/web\/pastor-tomas-gomez-insta-a-evocar-la-navidad-y-conocer-su-verdadera-razon\/\"},\"author\":{\"name\":\"tabernaculo\",\"@id\":\"https:\/\/tabernaculoprensadedios.com\/web\/#\/schema\/person\/bc0e069fef56b38e177db6f098ae0b6e\"},\"headline\":\"Pastor Tom\u00e1s G\u00f3mez insta a evocar la Navidad y conocer su verdadera raz\u00f3n\",\"datePublished\":\"2018-11-17T00:11:46+00:00\",\"dateModified\":\"2018-11-17T02:12:52+00:00\",\"mainEntityOfPage\":{\"@id\":\"https:\/\/tabernaculoprensadedios.com\/web\/pastor-tomas-gomez-insta-a-evocar-la-navidad-y-conocer-su-verdadera-razon\/\"},\"wordCount\":1270,\"commentCount\":0,\"publisher\":{\"@id\":\"https:\/\/tabernaculoprensadedios.com\/web\/#\/schema\/person\/bc0e069fef56b38e177db6f098ae0b6e\"},\"image\":{\"@id\":\"https:\/\/tabernaculoprensadedios.com\/web\/pastor-tomas-gomez-insta-a-evocar-la-navidad-y-conocer-su-verdadera-razon\/#primaryimage\"},\"thumbnailUrl\":\"https:\/\/tabernaculoprensadedios.com\/web\/wp-content\/uploads\/2018\/10\/Tom\u00e1s-G\u00f3mez-Bueno.jpg\",\"articleSection\":[\"Articulos\"],\"inLanguage\":\"es\",\"potentialAction\":[{\"@type\":\"CommentAction\",\"name\":\"Comment\",\"target\":[\"https:\/\/tabernaculoprensadedios.com\/web\/pastor-tomas-gomez-insta-a-evocar-la-navidad-y-conocer-su-verdadera-razon\/#respond\"]}]},{\"@type\":\"WebPage\",\"@id\":\"https:\/\/tabernaculoprensadedios.com\/web\/pastor-tomas-gomez-insta-a-evocar-la-navidad-y-conocer-su-verdadera-razon\/\",\"url\":\"https:\/\/tabernaculoprensadedios.com\/web\/pastor-tomas-gomez-insta-a-evocar-la-navidad-y-conocer-su-verdadera-razon\/\",\"name\":\"Pastor Tom\u00e1s G\u00f3mez insta a evocar la Navidad y conocer su verdadera raz\u00f3n - Tabernaculo Prensa de Dios\",\"isPartOf\":{\"@id\":\"https:\/\/tabernaculoprensadedios.com\/web\/#website\"},\"primaryImageOfPage\":{\"@id\":\"https:\/\/tabernaculoprensadedios.com\/web\/pastor-tomas-gomez-insta-a-evocar-la-navidad-y-conocer-su-verdadera-razon\/#primaryimage\"},\"image\":{\"@id\":\"https:\/\/tabernaculoprensadedios.com\/web\/pastor-tomas-gomez-insta-a-evocar-la-navidad-y-conocer-su-verdadera-razon\/#primaryimage\"},\"thumbnailUrl\":\"https:\/\/tabernaculoprensadedios.com\/web\/wp-content\/uploads\/2018\/10\/Tom\u00e1s-G\u00f3mez-Bueno.jpg\",\"datePublished\":\"2018-11-17T00:11:46+00:00\",\"dateModified\":\"2018-11-17T02:12:52+00:00\",\"breadcrumb\":{\"@id\":\"https:\/\/tabernaculoprensadedios.com\/web\/pastor-tomas-gomez-insta-a-evocar-la-navidad-y-conocer-su-verdadera-razon\/#breadcrumb\"},\"inLanguage\":\"es\",\"potentialAction\":[{\"@type\":\"ReadAction\",\"target\":[\"https:\/\/tabernaculoprensadedios.com\/web\/pastor-tomas-gomez-insta-a-evocar-la-navidad-y-conocer-su-verdadera-razon\/\"]}]},{\"@type\":\"ImageObject\",\"inLanguage\":\"es\",\"@id\":\"https:\/\/tabernaculoprensadedios.com\/web\/pastor-tomas-gomez-insta-a-evocar-la-navidad-y-conocer-su-verdadera-razon\/#primaryimage\",\"url\":\"https:\/\/tabernaculoprensadedios.com\/web\/wp-content\/uploads\/2018\/10\/Tom\u00e1s-G\u00f3mez-Bueno.jpg\",\"contentUrl\":\"https:\/\/tabernaculoprensadedios.com\/web\/wp-content\/uploads\/2018\/10\/Tom\u00e1s-G\u00f3mez-Bueno.jpg\",\"width\":\"352\",\"height\":\"352\"},{\"@type\":\"BreadcrumbList\",\"@id\":\"https:\/\/tabernaculoprensadedios.com\/web\/pastor-tomas-gomez-insta-a-evocar-la-navidad-y-conocer-su-verdadera-razon\/#breadcrumb\",\"itemListElement\":[{\"@type\":\"ListItem\",\"position\":1,\"name\":\"Portada\",\"item\":\"https:\/\/tabernaculoprensadedios.com\/web\/\"},{\"@type\":\"ListItem\",\"position\":2,\"name\":\"Pastor Tom\u00e1s G\u00f3mez insta a evocar la Navidad y conocer su verdadera raz\u00f3n\"}]},{\"@type\":\"WebSite\",\"@id\":\"https:\/\/tabernaculoprensadedios.com\/web\/#website\",\"url\":\"https:\/\/tabernaculoprensadedios.com\/web\/\",\"name\":\"Tabernaculo Prensa de Dios\",\"description\":\"Un medio a la manera de Dios\",\"publisher\":{\"@id\":\"https:\/\/tabernaculoprensadedios.com\/web\/#\/schema\/person\/bc0e069fef56b38e177db6f098ae0b6e\"},\"potentialAction\":[{\"@type\":\"SearchAction\",\"target\":{\"@type\":\"EntryPoint\",\"urlTemplate\":\"https:\/\/tabernaculoprensadedios.com\/web\/?s={search_term_string}\"},\"query-input\":{\"@type\":\"PropertyValueSpecification\",\"valueRequired\":true,\"valueName\":\"search_term_string\"}}],\"inLanguage\":\"es\"},{\"@type\":[\"Person\",\"Organization\"],\"@id\":\"https:\/\/tabernaculoprensadedios.com\/web\/#\/schema\/person\/bc0e069fef56b38e177db6f098ae0b6e\",\"name\":\"tabernaculo\",\"image\":{\"@type\":\"ImageObject\",\"inLanguage\":\"es\",\"@id\":\"https:\/\/tabernaculoprensadedios.com\/web\/#\/schema\/person\/image\/\",\"url\":\"https:\/\/tabernaculoprensadedios.com\/web\/wp-content\/uploads\/2015\/06\/login-logo1.png\",\"contentUrl\":\"https:\/\/tabernaculoprensadedios.com\/web\/wp-content\/uploads\/2015\/06\/login-logo1.png\",\"width\":300,\"height\":118,\"caption\":\"tabernaculo\"},\"logo\":{\"@id\":\"https:\/\/tabernaculoprensadedios.com\/web\/#\/schema\/person\/image\/\"},\"url\":\"https:\/\/tabernaculoprensadedios.com\/web\/author\/tabernaculo\/\"}]}<\/script>\n<!-- \/ Yoast SEO Premium plugin. -->","yoast_head_json":{"title":"Pastor Tom\u00e1s G\u00f3mez insta a evocar la Navidad y conocer su verdadera raz\u00f3n - Tabernaculo Prensa de Dios","robots":{"index":"index","follow":"follow","max-snippet":"max-snippet:-1","max-image-preview":"max-image-preview:large","max-video-preview":"max-video-preview:-1"},"canonical":"https:\/\/tabernaculoprensadedios.com\/web\/pastor-tomas-gomez-insta-a-evocar-la-navidad-y-conocer-su-verdadera-razon\/","og_locale":"es_ES","og_type":"article","og_title":"Pastor Tom\u00e1s G\u00f3mez insta a evocar la Navidad y conocer su verdadera raz\u00f3n","og_description":"No todos los seguidores de Cristo han comprendido la trascendencia de su advenimiento. Para muchos, m\u00e1s que a restaurar todas las cosas, el Se\u00f1or ha venido a fundar una religi\u00f3n y a competir con otros \u201ciluminados\u201d en el terreno de las creencias, seg\u00fan el Pastor Tom\u00e1s G\u00f3mez Bueno. A su juicio, el cristianismo a lo &hellip;","og_url":"https:\/\/tabernaculoprensadedios.com\/web\/pastor-tomas-gomez-insta-a-evocar-la-navidad-y-conocer-su-verdadera-razon\/","og_site_name":"Tabernaculo Prensa de Dios","article_published_time":"2018-11-17T00:11:46+00:00","article_modified_time":"2018-11-17T02:12:52+00:00","og_image":[{"width":352,"height":352,"url":"https:\/\/tabernaculoprensadedios.com\/web\/wp-content\/uploads\/2018\/10\/Tom\u00e1s-G\u00f3mez-Bueno.jpg","type":"image\/jpeg"}],"author":"tabernaculo","twitter_card":"summary_large_image","twitter_creator":"@PrensadeDios","twitter_site":"@PrensadeDios","twitter_misc":{"Escrito por":"tabernaculo","Tiempo de lectura":"6 minutos"},"schema":{"@context":"https:\/\/schema.org","@graph":[{"@type":"Article","@id":"https:\/\/tabernaculoprensadedios.com\/web\/pastor-tomas-gomez-insta-a-evocar-la-navidad-y-conocer-su-verdadera-razon\/#article","isPartOf":{"@id":"https:\/\/tabernaculoprensadedios.com\/web\/pastor-tomas-gomez-insta-a-evocar-la-navidad-y-conocer-su-verdadera-razon\/"},"author":{"name":"tabernaculo","@id":"https:\/\/tabernaculoprensadedios.com\/web\/#\/schema\/person\/bc0e069fef56b38e177db6f098ae0b6e"},"headline":"Pastor Tom\u00e1s G\u00f3mez insta a evocar la Navidad y conocer su verdadera raz\u00f3n","datePublished":"2018-11-17T00:11:46+00:00","dateModified":"2018-11-17T02:12:52+00:00","mainEntityOfPage":{"@id":"https:\/\/tabernaculoprensadedios.com\/web\/pastor-tomas-gomez-insta-a-evocar-la-navidad-y-conocer-su-verdadera-razon\/"},"wordCount":1270,"commentCount":0,"publisher":{"@id":"https:\/\/tabernaculoprensadedios.com\/web\/#\/schema\/person\/bc0e069fef56b38e177db6f098ae0b6e"},"image":{"@id":"https:\/\/tabernaculoprensadedios.com\/web\/pastor-tomas-gomez-insta-a-evocar-la-navidad-y-conocer-su-verdadera-razon\/#primaryimage"},"thumbnailUrl":"https:\/\/tabernaculoprensadedios.com\/web\/wp-content\/uploads\/2018\/10\/Tom\u00e1s-G\u00f3mez-Bueno.jpg","articleSection":["Articulos"],"inLanguage":"es","potentialAction":[{"@type":"CommentAction","name":"Comment","target":["https:\/\/tabernaculoprensadedios.com\/web\/pastor-tomas-gomez-insta-a-evocar-la-navidad-y-conocer-su-verdadera-razon\/#respond"]}]},{"@type":"WebPage","@id":"https:\/\/tabernaculoprensadedios.com\/web\/pastor-tomas-gomez-insta-a-evocar-la-navidad-y-conocer-su-verdadera-razon\/","url":"https:\/\/tabernaculoprensadedios.com\/web\/pastor-tomas-gomez-insta-a-evocar-la-navidad-y-conocer-su-verdadera-razon\/","name":"Pastor Tom\u00e1s G\u00f3mez insta a evocar la Navidad y conocer su verdadera raz\u00f3n - Tabernaculo Prensa de Dios","isPartOf":{"@id":"https:\/\/tabernaculoprensadedios.com\/web\/#website"},"primaryImageOfPage":{"@id":"https:\/\/tabernaculoprensadedios.com\/web\/pastor-tomas-gomez-insta-a-evocar-la-navidad-y-conocer-su-verdadera-razon\/#primaryimage"},"image":{"@id":"https:\/\/tabernaculoprensadedios.com\/web\/pastor-tomas-gomez-insta-a-evocar-la-navidad-y-conocer-su-verdadera-razon\/#primaryimage"},"thumbnailUrl":"https:\/\/tabernaculoprensadedios.com\/web\/wp-content\/uploads\/2018\/10\/Tom\u00e1s-G\u00f3mez-Bueno.jpg","datePublished":"2018-11-17T00:11:46+00:00","dateModified":"2018-11-17T02:12:52+00:00","breadcrumb":{"@id":"https:\/\/tabernaculoprensadedios.com\/web\/pastor-tomas-gomez-insta-a-evocar-la-navidad-y-conocer-su-verdadera-razon\/#breadcrumb"},"inLanguage":"es","potentialAction":[{"@type":"ReadAction","target":["https:\/\/tabernaculoprensadedios.com\/web\/pastor-tomas-gomez-insta-a-evocar-la-navidad-y-conocer-su-verdadera-razon\/"]}]},{"@type":"ImageObject","inLanguage":"es","@id":"https:\/\/tabernaculoprensadedios.com\/web\/pastor-tomas-gomez-insta-a-evocar-la-navidad-y-conocer-su-verdadera-razon\/#primaryimage","url":"https:\/\/tabernaculoprensadedios.com\/web\/wp-content\/uploads\/2018\/10\/Tom\u00e1s-G\u00f3mez-Bueno.jpg","contentUrl":"https:\/\/tabernaculoprensadedios.com\/web\/wp-content\/uploads\/2018\/10\/Tom\u00e1s-G\u00f3mez-Bueno.jpg","width":"352","height":"352"},{"@type":"BreadcrumbList","@id":"https:\/\/tabernaculoprensadedios.com\/web\/pastor-tomas-gomez-insta-a-evocar-la-navidad-y-conocer-su-verdadera-razon\/#breadcrumb","itemListElement":[{"@type":"ListItem","position":1,"name":"Portada","item":"https:\/\/tabernaculoprensadedios.com\/web\/"},{"@type":"ListItem","position":2,"name":"Pastor Tom\u00e1s G\u00f3mez insta a evocar la Navidad y conocer su verdadera raz\u00f3n"}]},{"@type":"WebSite","@id":"https:\/\/tabernaculoprensadedios.com\/web\/#website","url":"https:\/\/tabernaculoprensadedios.com\/web\/","name":"Tabernaculo Prensa de Dios","description":"Un medio a la manera de Dios","publisher":{"@id":"https:\/\/tabernaculoprensadedios.com\/web\/#\/schema\/person\/bc0e069fef56b38e177db6f098ae0b6e"},"potentialAction":[{"@type":"SearchAction","target":{"@type":"EntryPoint","urlTemplate":"https:\/\/tabernaculoprensadedios.com\/web\/?s={search_term_string}"},"query-input":{"@type":"PropertyValueSpecification","valueRequired":true,"valueName":"search_term_string"}}],"inLanguage":"es"},{"@type":["Person","Organization"],"@id":"https:\/\/tabernaculoprensadedios.com\/web\/#\/schema\/person\/bc0e069fef56b38e177db6f098ae0b6e","name":"tabernaculo","image":{"@type":"ImageObject","inLanguage":"es","@id":"https:\/\/tabernaculoprensadedios.com\/web\/#\/schema\/person\/image\/","url":"https:\/\/tabernaculoprensadedios.com\/web\/wp-content\/uploads\/2015\/06\/login-logo1.png","contentUrl":"https:\/\/tabernaculoprensadedios.com\/web\/wp-content\/uploads\/2015\/06\/login-logo1.png","width":300,"height":118,"caption":"tabernaculo"},"logo":{"@id":"https:\/\/tabernaculoprensadedios.com\/web\/#\/schema\/person\/image\/"},"url":"https:\/\/tabernaculoprensadedios.com\/web\/author\/tabernaculo\/"}]}},"_links":{"self":[{"href":"https:\/\/tabernaculoprensadedios.com\/web\/wp-json\/wp\/v2\/posts\/10784","targetHints":{"allow":["GET"]}}],"collection":[{"href":"https:\/\/tabernaculoprensadedios.com\/web\/wp-json\/wp\/v2\/posts"}],"about":[{"href":"https:\/\/tabernaculoprensadedios.com\/web\/wp-json\/wp\/v2\/types\/post"}],"author":[{"embeddable":true,"href":"https:\/\/tabernaculoprensadedios.com\/web\/wp-json\/wp\/v2\/users\/1"}],"replies":[{"embeddable":true,"href":"https:\/\/tabernaculoprensadedios.com\/web\/wp-json\/wp\/v2\/comments?post=10784"}],"version-history":[{"count":1,"href":"https:\/\/tabernaculoprensadedios.com\/web\/wp-json\/wp\/v2\/posts\/10784\/revisions"}],"predecessor-version":[{"id":10786,"href":"https:\/\/tabernaculoprensadedios.com\/web\/wp-json\/wp\/v2\/posts\/10784\/revisions\/10786"}],"wp:featuredmedia":[{"embeddable":true,"href":"https:\/\/tabernaculoprensadedios.com\/web\/wp-json\/wp\/v2\/media\/10220"}],"wp:attachment":[{"href":"https:\/\/tabernaculoprensadedios.com\/web\/wp-json\/wp\/v2\/media?parent=10784"}],"wp:term":[{"taxonomy":"category","embeddable":true,"href":"https:\/\/tabernaculoprensadedios.com\/web\/wp-json\/wp\/v2\/categories?post=10784"},{"taxonomy":"post_tag","embeddable":true,"href":"https:\/\/tabernaculoprensadedios.com\/web\/wp-json\/wp\/v2\/tags?post=10784"}],"curies":[{"name":"wp","href":"https:\/\/api.w.org\/{rel}","templated":true}]}}