{"id":10172,"date":"2018-10-04T02:47:52","date_gmt":"2018-10-04T02:47:52","guid":{"rendered":"http:\/\/tabernaculoprensadedios.com\/web\/?p=10172"},"modified":"2018-10-04T02:47:52","modified_gmt":"2018-10-04T02:47:52","slug":"instruccion-adorno-de-gracia-y-collares-a-tu-cuello","status":"publish","type":"post","link":"https:\/\/tabernaculoprensadedios.com\/web\/instruccion-adorno-de-gracia-y-collares-a-tu-cuello\/","title":{"rendered":"Instrucci\u00f3n, adorno de gracia y collares a tu cuello"},"content":{"rendered":"<p><em>\u201cOye, hijo m\u00edo, la instrucci\u00f3n de tu padre, Y no desprecies la direcci\u00f3n de tu madre; Porque adorno de gracia ser\u00e1n a tu cabeza, Y collares a tu cuello.\u201d<\/em> <strong>Proverbios 1:8-9<\/strong> RVR1960.<\/p>\n<p>Constantemente hemos expuesto desde este muro espiritual de edificaci\u00f3n acerca de las relaciones familiares y sus profundas ra\u00edces de unificaci\u00f3n a la que conllevan sus fundamentos mediante la Palabra De Dios.<\/p>\n<p>La horrible situaci\u00f3n en la que nos encontramos frente a la ola de incesto llevada a cabo por personas dentro y fuera del \u00e1mbito religioso; refleja el grado de deterioro en el d\u00eda a d\u00eda de la Sociedad Dominicana. Esta infamia contra sectores vulnerables de la Naci\u00f3n se ha estado expandiendo hasta tal grado que ya no es solamente una realidad propia de nuestra casa; sino que tambi\u00e9n est\u00e1 estremeciendo altos estamentos del concierto de naciones que nos rodean. Y, por ende, marca tendencia en los medios prensa escrita , radial y televisiva , incluido redes sociales; debido al auge en que va en aumento.<\/p>\n<p>Los espacios dedicados a orientar e informar est\u00e1n muy ocupados en este tema que consume a la Familia y el pueblo se encuentra a la espera de una acci\u00f3n positiva acompa\u00f1ada de una pauta ejemplar que ayude a sentar un despegue esperanzador hacia futuro.<\/p>\n<p>Pap\u00e1 y Mam\u00e1 habr\u00e1n de envolverse con denuedo en este desaf\u00edo que enfrenta la Naci\u00f3n; frente a las perversidades de ese segmento que golpea con dureza a nuestra ni\u00f1ez y la corrompe.<\/p>\n<p>Jehov\u00e1 se dirigi\u00f3 al pueblo de Israel y lo instruy\u00f3 dici\u00e9ndole: <em>\u201cY estas palabras que yo te mando hoy, estar\u00e1n sobre tu coraz\u00f3n; y las repetir\u00e1s a tus hijos, y hablar\u00e1s de ellas estando en tu casa, y andando por el camino, y al acostarte, y cuando te levantes. Y las atar\u00e1s como una se\u00f1al en tu mano, y estar\u00e1n como frontales entre tus ojos; y las escribir\u00e1s en los postes de tu casa, y en tus puertas.\u201d <\/em><strong>Deuteronomio 6:6-9<\/strong> RVR1960.<\/p>\n<p>Padres y Madres , ustedes son determinantes en el dise\u00f1o de una sociedad modelo; conforme las instrucciones que ha dado Dios para guiar a Su Herencia.<em> \u201cEduca a tu hijo desde ni\u00f1o, y aun cuando llegue a viejo seguir\u00e1 tus ense\u00f1anzas.\u201d <\/em><strong>Proverbios 22:6<\/strong> TLA.<\/p>\n<p>Nuestra participaci\u00f3n de orientadores de la Familia es un hermoso ejemplo que Jes\u00fas nos ense\u00f1\u00f3 mientras particip\u00f3 de la naturaleza material, <em>\u201cEntonces vino uno y le dijo: Maestro bueno, \u00bfqu\u00e9 bien har\u00e9 para tener la vida eterna? \u00c9l le dijo: \u00bfPor qu\u00e9 me llamas bueno? Ninguno hay bueno sino uno: Dios. Mas si quieres entrar en la vida, guarda los mandamientos. Le dijo: \u00bfCu\u00e1les? Y Jes\u00fas dijo: No matar\u00e1s. No adulterar\u00e1s. No hurtar\u00e1s. No dir\u00e1s falso testimonio. Honra a tu padre y a tu madre; y, Amar\u00e1s a tu pr\u00f3jimo como a ti mismo.\u201d<\/em><strong> S. Mateo 19:16-19<\/strong> RVR1960.<\/p>\n<p>Progenitores: ustedes son los ingredientes De Dios para producir un gran cambio en el Colectivo, manos a la Obra.<\/p>\n<p>Dios est\u00e1 llamando desde tiempo inmemorial al cuidado de Su Patrimonio : <em>\u201cHijo m\u00edo, presta atenci\u00f3n cuando tu padre te corrige; no descuides la instrucci\u00f3n de tu madre. Lo que aprendas de ellos te coronar\u00e1 de gracia y ser\u00e1 como un collar de honor alrededor de tu cuello.\u201d<\/em> <strong>Proverbios 1:8-9<\/strong> NTV.<\/p>\n<p>Dios te contin\u00fae bendiciendo<\/p>\n","protected":false},"excerpt":{"rendered":"<p>\u201cOye, hijo m\u00edo, la instrucci\u00f3n de tu padre, Y no desprecies la direcci\u00f3n de tu madre; Porque adorno de gracia ser\u00e1n a tu cabeza, Y collares a tu cuello.\u201d Proverbios 1:8-9 RVR1960. Constantemente hemos expuesto desde este muro espiritual de edificaci\u00f3n acerca de las relaciones familiares y sus profundas ra\u00edces de unificaci\u00f3n a la que &hellip;<\/p>\n","protected":false},"author":1,"featured_media":10173,"comment_status":"open","ping_status":"open","sticky":false,"template":"","format":"standard","meta":{"footnotes":""},"categories":[34],"tags":[],"class_list":["post-10172","post","type-post","status-publish","format-standard","has-post-thumbnail","hentry","category-articulos"],"yoast_head":"<!-- This site is optimized with the Yoast SEO Premium plugin v24.2 (Yoast SEO v27.1.1) - https:\/\/yoast.com\/product\/yoast-seo-premium-wordpress\/ -->\n<title>Instrucci\u00f3n, adorno de gracia y collares a tu cuello - Tabernaculo Prensa de Dios<\/title>\n<meta name=\"robots\" content=\"index, follow, max-snippet:-1, max-image-preview:large, max-video-preview:-1\" \/>\n<link rel=\"canonical\" href=\"https:\/\/tabernaculoprensadedios.com\/web\/instruccion-adorno-de-gracia-y-collares-a-tu-cuello\/\" class=\"yoast-seo-meta-tag\" \/>\n<meta property=\"og:locale\" content=\"es_ES\" class=\"yoast-seo-meta-tag\" \/>\n<meta property=\"og:type\" content=\"article\" class=\"yoast-seo-meta-tag\" \/>\n<meta property=\"og:title\" content=\"Instrucci\u00f3n, adorno de gracia y collares a tu cuello\" class=\"yoast-seo-meta-tag\" \/>\n<meta property=\"og:description\" content=\"\u201cOye, hijo m\u00edo, la instrucci\u00f3n de tu padre, Y no desprecies la direcci\u00f3n de tu madre; Porque adorno de gracia ser\u00e1n a tu cabeza, Y collares a tu cuello.\u201d Proverbios 1:8-9 RVR1960. Constantemente hemos expuesto desde este muro espiritual de edificaci\u00f3n acerca de las relaciones familiares y sus profundas ra\u00edces de unificaci\u00f3n a la que &hellip;\" class=\"yoast-seo-meta-tag\" \/>\n<meta property=\"og:url\" content=\"https:\/\/tabernaculoprensadedios.com\/web\/instruccion-adorno-de-gracia-y-collares-a-tu-cuello\/\" class=\"yoast-seo-meta-tag\" \/>\n<meta property=\"og:site_name\" content=\"Tabernaculo Prensa de Dios\" class=\"yoast-seo-meta-tag\" \/>\n<meta property=\"article:published_time\" content=\"2018-10-04T02:47:52+00:00\" class=\"yoast-seo-meta-tag\" \/>\n<meta property=\"og:image\" content=\"https:\/\/tabernaculoprensadedios.com\/web\/wp-content\/uploads\/2018\/10\/Instruccio\u0301n-adorno-de-gracia-y-collares-a-tu-cuello.jpg\" class=\"yoast-seo-meta-tag\" \/>\n\t<meta property=\"og:image:width\" content=\"960\" class=\"yoast-seo-meta-tag\" \/>\n\t<meta property=\"og:image:height\" content=\"640\" class=\"yoast-seo-meta-tag\" \/>\n\t<meta property=\"og:image:type\" content=\"image\/jpeg\" class=\"yoast-seo-meta-tag\" \/>\n<meta name=\"author\" content=\"tabernaculo\" class=\"yoast-seo-meta-tag\" \/>\n<meta name=\"twitter:card\" content=\"summary_large_image\" class=\"yoast-seo-meta-tag\" \/>\n<meta name=\"twitter:creator\" content=\"@PrensadeDios\" class=\"yoast-seo-meta-tag\" \/>\n<meta name=\"twitter:site\" content=\"@PrensadeDios\" class=\"yoast-seo-meta-tag\" \/>\n<meta name=\"twitter:label1\" content=\"Escrito por\" class=\"yoast-seo-meta-tag\" \/>\n\t<meta name=\"twitter:data1\" content=\"tabernaculo\" class=\"yoast-seo-meta-tag\" \/>\n\t<meta name=\"twitter:label2\" content=\"Tiempo de lectura\" class=\"yoast-seo-meta-tag\" \/>\n\t<meta name=\"twitter:data2\" content=\"3 minutos\" class=\"yoast-seo-meta-tag\" \/>\n<script type=\"application\/ld+json\" class=\"yoast-schema-graph\">{\"@context\":\"https:\/\/schema.org\",\"@graph\":[{\"@type\":\"Article\",\"@id\":\"https:\/\/tabernaculoprensadedios.com\/web\/instruccion-adorno-de-gracia-y-collares-a-tu-cuello\/#article\",\"isPartOf\":{\"@id\":\"https:\/\/tabernaculoprensadedios.com\/web\/instruccion-adorno-de-gracia-y-collares-a-tu-cuello\/\"},\"author\":{\"name\":\"tabernaculo\",\"@id\":\"https:\/\/tabernaculoprensadedios.com\/web\/#\/schema\/person\/bc0e069fef56b38e177db6f098ae0b6e\"},\"headline\":\"Instrucci\u00f3n, adorno de gracia y collares a tu cuello\",\"datePublished\":\"2018-10-04T02:47:52+00:00\",\"mainEntityOfPage\":{\"@id\":\"https:\/\/tabernaculoprensadedios.com\/web\/instruccion-adorno-de-gracia-y-collares-a-tu-cuello\/\"},\"wordCount\":591,\"commentCount\":0,\"publisher\":{\"@id\":\"https:\/\/tabernaculoprensadedios.com\/web\/#\/schema\/person\/bc0e069fef56b38e177db6f098ae0b6e\"},\"image\":{\"@id\":\"https:\/\/tabernaculoprensadedios.com\/web\/instruccion-adorno-de-gracia-y-collares-a-tu-cuello\/#primaryimage\"},\"thumbnailUrl\":\"https:\/\/tabernaculoprensadedios.com\/web\/wp-content\/uploads\/2018\/10\/Instruccio\u0301n-adorno-de-gracia-y-collares-a-tu-cuello.jpg\",\"articleSection\":[\"Articulos\"],\"inLanguage\":\"es\",\"potentialAction\":[{\"@type\":\"CommentAction\",\"name\":\"Comment\",\"target\":[\"https:\/\/tabernaculoprensadedios.com\/web\/instruccion-adorno-de-gracia-y-collares-a-tu-cuello\/#respond\"]}]},{\"@type\":\"WebPage\",\"@id\":\"https:\/\/tabernaculoprensadedios.com\/web\/instruccion-adorno-de-gracia-y-collares-a-tu-cuello\/\",\"url\":\"https:\/\/tabernaculoprensadedios.com\/web\/instruccion-adorno-de-gracia-y-collares-a-tu-cuello\/\",\"name\":\"Instrucci\u00f3n, adorno de gracia y collares a tu cuello - Tabernaculo Prensa de Dios\",\"isPartOf\":{\"@id\":\"https:\/\/tabernaculoprensadedios.com\/web\/#website\"},\"primaryImageOfPage\":{\"@id\":\"https:\/\/tabernaculoprensadedios.com\/web\/instruccion-adorno-de-gracia-y-collares-a-tu-cuello\/#primaryimage\"},\"image\":{\"@id\":\"https:\/\/tabernaculoprensadedios.com\/web\/instruccion-adorno-de-gracia-y-collares-a-tu-cuello\/#primaryimage\"},\"thumbnailUrl\":\"https:\/\/tabernaculoprensadedios.com\/web\/wp-content\/uploads\/2018\/10\/Instruccio\u0301n-adorno-de-gracia-y-collares-a-tu-cuello.jpg\",\"datePublished\":\"2018-10-04T02:47:52+00:00\",\"breadcrumb\":{\"@id\":\"https:\/\/tabernaculoprensadedios.com\/web\/instruccion-adorno-de-gracia-y-collares-a-tu-cuello\/#breadcrumb\"},\"inLanguage\":\"es\",\"potentialAction\":[{\"@type\":\"ReadAction\",\"target\":[\"https:\/\/tabernaculoprensadedios.com\/web\/instruccion-adorno-de-gracia-y-collares-a-tu-cuello\/\"]}]},{\"@type\":\"ImageObject\",\"inLanguage\":\"es\",\"@id\":\"https:\/\/tabernaculoprensadedios.com\/web\/instruccion-adorno-de-gracia-y-collares-a-tu-cuello\/#primaryimage\",\"url\":\"https:\/\/tabernaculoprensadedios.com\/web\/wp-content\/uploads\/2018\/10\/Instruccio\u0301n-adorno-de-gracia-y-collares-a-tu-cuello.jpg\",\"contentUrl\":\"https:\/\/tabernaculoprensadedios.com\/web\/wp-content\/uploads\/2018\/10\/Instruccio\u0301n-adorno-de-gracia-y-collares-a-tu-cuello.jpg\",\"width\":\"960\",\"height\":\"640\"},{\"@type\":\"BreadcrumbList\",\"@id\":\"https:\/\/tabernaculoprensadedios.com\/web\/instruccion-adorno-de-gracia-y-collares-a-tu-cuello\/#breadcrumb\",\"itemListElement\":[{\"@type\":\"ListItem\",\"position\":1,\"name\":\"Portada\",\"item\":\"https:\/\/tabernaculoprensadedios.com\/web\/\"},{\"@type\":\"ListItem\",\"position\":2,\"name\":\"Instrucci\u00f3n, adorno de gracia y collares a tu cuello\"}]},{\"@type\":\"WebSite\",\"@id\":\"https:\/\/tabernaculoprensadedios.com\/web\/#website\",\"url\":\"https:\/\/tabernaculoprensadedios.com\/web\/\",\"name\":\"Tabernaculo Prensa de Dios\",\"description\":\"Un medio a la manera de Dios\",\"publisher\":{\"@id\":\"https:\/\/tabernaculoprensadedios.com\/web\/#\/schema\/person\/bc0e069fef56b38e177db6f098ae0b6e\"},\"potentialAction\":[{\"@type\":\"SearchAction\",\"target\":{\"@type\":\"EntryPoint\",\"urlTemplate\":\"https:\/\/tabernaculoprensadedios.com\/web\/?s={search_term_string}\"},\"query-input\":{\"@type\":\"PropertyValueSpecification\",\"valueRequired\":true,\"valueName\":\"search_term_string\"}}],\"inLanguage\":\"es\"},{\"@type\":[\"Person\",\"Organization\"],\"@id\":\"https:\/\/tabernaculoprensadedios.com\/web\/#\/schema\/person\/bc0e069fef56b38e177db6f098ae0b6e\",\"name\":\"tabernaculo\",\"image\":{\"@type\":\"ImageObject\",\"inLanguage\":\"es\",\"@id\":\"https:\/\/tabernaculoprensadedios.com\/web\/#\/schema\/person\/image\/\",\"url\":\"https:\/\/tabernaculoprensadedios.com\/web\/wp-content\/uploads\/2015\/06\/login-logo1.png\",\"contentUrl\":\"https:\/\/tabernaculoprensadedios.com\/web\/wp-content\/uploads\/2015\/06\/login-logo1.png\",\"width\":300,\"height\":118,\"caption\":\"tabernaculo\"},\"logo\":{\"@id\":\"https:\/\/tabernaculoprensadedios.com\/web\/#\/schema\/person\/image\/\"},\"url\":\"https:\/\/tabernaculoprensadedios.com\/web\/author\/tabernaculo\/\"}]}<\/script>\n<!-- \/ Yoast SEO Premium plugin. -->","yoast_head_json":{"title":"Instrucci\u00f3n, adorno de gracia y collares a tu cuello - Tabernaculo Prensa de Dios","robots":{"index":"index","follow":"follow","max-snippet":"max-snippet:-1","max-image-preview":"max-image-preview:large","max-video-preview":"max-video-preview:-1"},"canonical":"https:\/\/tabernaculoprensadedios.com\/web\/instruccion-adorno-de-gracia-y-collares-a-tu-cuello\/","og_locale":"es_ES","og_type":"article","og_title":"Instrucci\u00f3n, adorno de gracia y collares a tu cuello","og_description":"\u201cOye, hijo m\u00edo, la instrucci\u00f3n de tu padre, Y no desprecies la direcci\u00f3n de tu madre; Porque adorno de gracia ser\u00e1n a tu cabeza, Y collares a tu cuello.\u201d Proverbios 1:8-9 RVR1960. Constantemente hemos expuesto desde este muro espiritual de edificaci\u00f3n acerca de las relaciones familiares y sus profundas ra\u00edces de unificaci\u00f3n a la que &hellip;","og_url":"https:\/\/tabernaculoprensadedios.com\/web\/instruccion-adorno-de-gracia-y-collares-a-tu-cuello\/","og_site_name":"Tabernaculo Prensa de Dios","article_published_time":"2018-10-04T02:47:52+00:00","og_image":[{"width":960,"height":640,"url":"https:\/\/tabernaculoprensadedios.com\/web\/wp-content\/uploads\/2018\/10\/Instruccio\u0301n-adorno-de-gracia-y-collares-a-tu-cuello.jpg","type":"image\/jpeg"}],"author":"tabernaculo","twitter_card":"summary_large_image","twitter_creator":"@PrensadeDios","twitter_site":"@PrensadeDios","twitter_misc":{"Escrito por":"tabernaculo","Tiempo de lectura":"3 minutos"},"schema":{"@context":"https:\/\/schema.org","@graph":[{"@type":"Article","@id":"https:\/\/tabernaculoprensadedios.com\/web\/instruccion-adorno-de-gracia-y-collares-a-tu-cuello\/#article","isPartOf":{"@id":"https:\/\/tabernaculoprensadedios.com\/web\/instruccion-adorno-de-gracia-y-collares-a-tu-cuello\/"},"author":{"name":"tabernaculo","@id":"https:\/\/tabernaculoprensadedios.com\/web\/#\/schema\/person\/bc0e069fef56b38e177db6f098ae0b6e"},"headline":"Instrucci\u00f3n, adorno de gracia y collares a tu cuello","datePublished":"2018-10-04T02:47:52+00:00","mainEntityOfPage":{"@id":"https:\/\/tabernaculoprensadedios.com\/web\/instruccion-adorno-de-gracia-y-collares-a-tu-cuello\/"},"wordCount":591,"commentCount":0,"publisher":{"@id":"https:\/\/tabernaculoprensadedios.com\/web\/#\/schema\/person\/bc0e069fef56b38e177db6f098ae0b6e"},"image":{"@id":"https:\/\/tabernaculoprensadedios.com\/web\/instruccion-adorno-de-gracia-y-collares-a-tu-cuello\/#primaryimage"},"thumbnailUrl":"https:\/\/tabernaculoprensadedios.com\/web\/wp-content\/uploads\/2018\/10\/Instruccio\u0301n-adorno-de-gracia-y-collares-a-tu-cuello.jpg","articleSection":["Articulos"],"inLanguage":"es","potentialAction":[{"@type":"CommentAction","name":"Comment","target":["https:\/\/tabernaculoprensadedios.com\/web\/instruccion-adorno-de-gracia-y-collares-a-tu-cuello\/#respond"]}]},{"@type":"WebPage","@id":"https:\/\/tabernaculoprensadedios.com\/web\/instruccion-adorno-de-gracia-y-collares-a-tu-cuello\/","url":"https:\/\/tabernaculoprensadedios.com\/web\/instruccion-adorno-de-gracia-y-collares-a-tu-cuello\/","name":"Instrucci\u00f3n, adorno de gracia y collares a tu cuello - Tabernaculo Prensa de Dios","isPartOf":{"@id":"https:\/\/tabernaculoprensadedios.com\/web\/#website"},"primaryImageOfPage":{"@id":"https:\/\/tabernaculoprensadedios.com\/web\/instruccion-adorno-de-gracia-y-collares-a-tu-cuello\/#primaryimage"},"image":{"@id":"https:\/\/tabernaculoprensadedios.com\/web\/instruccion-adorno-de-gracia-y-collares-a-tu-cuello\/#primaryimage"},"thumbnailUrl":"https:\/\/tabernaculoprensadedios.com\/web\/wp-content\/uploads\/2018\/10\/Instruccio\u0301n-adorno-de-gracia-y-collares-a-tu-cuello.jpg","datePublished":"2018-10-04T02:47:52+00:00","breadcrumb":{"@id":"https:\/\/tabernaculoprensadedios.com\/web\/instruccion-adorno-de-gracia-y-collares-a-tu-cuello\/#breadcrumb"},"inLanguage":"es","potentialAction":[{"@type":"ReadAction","target":["https:\/\/tabernaculoprensadedios.com\/web\/instruccion-adorno-de-gracia-y-collares-a-tu-cuello\/"]}]},{"@type":"ImageObject","inLanguage":"es","@id":"https:\/\/tabernaculoprensadedios.com\/web\/instruccion-adorno-de-gracia-y-collares-a-tu-cuello\/#primaryimage","url":"https:\/\/tabernaculoprensadedios.com\/web\/wp-content\/uploads\/2018\/10\/Instruccio\u0301n-adorno-de-gracia-y-collares-a-tu-cuello.jpg","contentUrl":"https:\/\/tabernaculoprensadedios.com\/web\/wp-content\/uploads\/2018\/10\/Instruccio\u0301n-adorno-de-gracia-y-collares-a-tu-cuello.jpg","width":"960","height":"640"},{"@type":"BreadcrumbList","@id":"https:\/\/tabernaculoprensadedios.com\/web\/instruccion-adorno-de-gracia-y-collares-a-tu-cuello\/#breadcrumb","itemListElement":[{"@type":"ListItem","position":1,"name":"Portada","item":"https:\/\/tabernaculoprensadedios.com\/web\/"},{"@type":"ListItem","position":2,"name":"Instrucci\u00f3n, adorno de gracia y collares a tu cuello"}]},{"@type":"WebSite","@id":"https:\/\/tabernaculoprensadedios.com\/web\/#website","url":"https:\/\/tabernaculoprensadedios.com\/web\/","name":"Tabernaculo Prensa de Dios","description":"Un medio a la manera de Dios","publisher":{"@id":"https:\/\/tabernaculoprensadedios.com\/web\/#\/schema\/person\/bc0e069fef56b38e177db6f098ae0b6e"},"potentialAction":[{"@type":"SearchAction","target":{"@type":"EntryPoint","urlTemplate":"https:\/\/tabernaculoprensadedios.com\/web\/?s={search_term_string}"},"query-input":{"@type":"PropertyValueSpecification","valueRequired":true,"valueName":"search_term_string"}}],"inLanguage":"es"},{"@type":["Person","Organization"],"@id":"https:\/\/tabernaculoprensadedios.com\/web\/#\/schema\/person\/bc0e069fef56b38e177db6f098ae0b6e","name":"tabernaculo","image":{"@type":"ImageObject","inLanguage":"es","@id":"https:\/\/tabernaculoprensadedios.com\/web\/#\/schema\/person\/image\/","url":"https:\/\/tabernaculoprensadedios.com\/web\/wp-content\/uploads\/2015\/06\/login-logo1.png","contentUrl":"https:\/\/tabernaculoprensadedios.com\/web\/wp-content\/uploads\/2015\/06\/login-logo1.png","width":300,"height":118,"caption":"tabernaculo"},"logo":{"@id":"https:\/\/tabernaculoprensadedios.com\/web\/#\/schema\/person\/image\/"},"url":"https:\/\/tabernaculoprensadedios.com\/web\/author\/tabernaculo\/"}]}},"_links":{"self":[{"href":"https:\/\/tabernaculoprensadedios.com\/web\/wp-json\/wp\/v2\/posts\/10172","targetHints":{"allow":["GET"]}}],"collection":[{"href":"https:\/\/tabernaculoprensadedios.com\/web\/wp-json\/wp\/v2\/posts"}],"about":[{"href":"https:\/\/tabernaculoprensadedios.com\/web\/wp-json\/wp\/v2\/types\/post"}],"author":[{"embeddable":true,"href":"https:\/\/tabernaculoprensadedios.com\/web\/wp-json\/wp\/v2\/users\/1"}],"replies":[{"embeddable":true,"href":"https:\/\/tabernaculoprensadedios.com\/web\/wp-json\/wp\/v2\/comments?post=10172"}],"version-history":[{"count":1,"href":"https:\/\/tabernaculoprensadedios.com\/web\/wp-json\/wp\/v2\/posts\/10172\/revisions"}],"predecessor-version":[{"id":10174,"href":"https:\/\/tabernaculoprensadedios.com\/web\/wp-json\/wp\/v2\/posts\/10172\/revisions\/10174"}],"wp:featuredmedia":[{"embeddable":true,"href":"https:\/\/tabernaculoprensadedios.com\/web\/wp-json\/wp\/v2\/media\/10173"}],"wp:attachment":[{"href":"https:\/\/tabernaculoprensadedios.com\/web\/wp-json\/wp\/v2\/media?parent=10172"}],"wp:term":[{"taxonomy":"category","embeddable":true,"href":"https:\/\/tabernaculoprensadedios.com\/web\/wp-json\/wp\/v2\/categories?post=10172"},{"taxonomy":"post_tag","embeddable":true,"href":"https:\/\/tabernaculoprensadedios.com\/web\/wp-json\/wp\/v2\/tags?post=10172"}],"curies":[{"name":"wp","href":"https:\/\/api.w.org\/{rel}","templated":true}]}}